{"id":72407,"date":"2024-09-13T13:00:00","date_gmt":"2024-09-13T19:00:00","guid":{"rendered":"https:\/\/zonaroja.com.mx\/?p=72407"},"modified":"2024-09-13T10:00:50","modified_gmt":"2024-09-13T16:00:50","slug":"disminuye-percepcion-de-inseguridad-en-oaxaca-capital-aseguran","status":"publish","type":"post","link":"https:\/\/zonaroja.com.mx\/?p=72407","title":{"rendered":"Disminuye percepci\u00f3n de inseguridad en Oaxaca capital, aseguran"},"content":{"rendered":"\n<p>Redacci\u00f3n\/Zona Roja.<\/p>\n\n\n\n<p>Oaxaca de Ju\u00e1rez, Oaxaca, a 13 de septiembre de 2024.- El Ayuntamiento de Oaxaca de Ju\u00e1rez a trav\u00e9s de la Secretar\u00eda de Seguridad P\u00fablica, Movilidad y Protecci\u00f3n Civil, avanza y sigue llevando a cabo acciones para salvaguardar la seguridad de las y los capitalinos.&nbsp;&nbsp;<\/p>\n\n\n\n<p>De acuerdo a datos de la Encuesta Nacional de Seguridad P\u00fablica Urbana (ENSU) publicada por el Instituto Nacional de Estad\u00edstica y Geograf\u00eda (INEGI), de junio de 2023 a junio de 2024, la percepci\u00f3n de inseguridad en la capital disminuy\u00f3 un 6.4 por ciento, lo que implica que m\u00e1s personas que habitan la capital se sienten seguras.&nbsp;<\/p>\n\n\n\n<p>Durante el mes de agosto la dependencia municipal a trav\u00e9s del Grupo Bengala, &nbsp;contabiliz\u00f3 un total de mil 983 inspecciones de veh\u00edculos, motocicletas y personas, asegurando veh\u00edculos por diversas anomal\u00edas.&nbsp;<\/p>\n\n\n\n<p>En ese sentido, 4 veh\u00edculos fueron asegurados por circular con documentaci\u00f3n falsa, 2 veh\u00edculos con reporte de robo y un veh\u00edculo con n\u00famero de motor alterado, as\u00ed como un veh\u00edculo y una motocicleta con N\u00famero de Identificaci\u00f3n Vehicular (NIV) alterado.&nbsp;<\/p>\n\n\n\n<p>Asimismo se mantuvieron operativos en territorio capitalino, entre los que resaltan: medidas de protecci\u00f3n y cautelares, presencia y disuasi\u00f3n, bancos y cajeros autom\u00e1ticos, hotel seguro, barredora, apertura de comercios, entre otros.<\/p>\n\n\n\n<p>En materia de detenciones, un total de 52 personas fueron puestas a disposici\u00f3n, de las cuales 3 fueron turnadas ante el juez c\u00edvico y 49 fueron consignadas ante el agente del Ministerio P\u00fablico del Fuero Com\u00fan.&nbsp;<\/p>\n\n\n\n<p>El pasado 11 de septiembre, se detuvo a Juan C. S. V., de 23 a\u00f1os, por su presunta responsabilidad en el delito de allanamiento de morada en la zona de estacionamiento de Plaza Bella. En un segundo caso, Alexis F. A., de 32 a\u00f1os, fue detenido en la colonia Libertad por el delito de robo, al ser sorprendido por el due\u00f1o de un veh\u00edculo cuando intentaba sustraer un autoest\u00e9reo.<\/p>\n\n\n\n<p>Por otra parte, a trav\u00e9s de la Unidad de Atenci\u00f3n a V\u00edctimas de Violencia por raz\u00f3n de G\u00e9nero, se llevaron a cabo 121 acciones en materia de medidas de protecci\u00f3n y cautelares asignadas, 71 operativos, 7 contenciones de primer contacto a v\u00edctimas de delito, se brind\u00f3 informaci\u00f3n a 6 v\u00edctimas de violencia de g\u00e9nero y se realiz\u00f3 una detenci\u00f3n por dicho delito.&nbsp;<\/p>\n\n\n\n<p>En ese contexto y para contar con una corporaci\u00f3n m\u00e1s y mejor capacitada, un total de 12 elementos fueron capacitados en temas como \u201cLa investigaci\u00f3n policial en el delito de robo\u201d, \u201cCompetencias b\u00e1sicas de la funci\u00f3n policial\u201d y \u201cFormaci\u00f3n inicial del polic\u00eda preventivo\u201d.&nbsp;<\/p>\n\n\n\n<p>Aunado a lo anterior, 5 elementos de la corporaci\u00f3n fueron capacitados a trav\u00e9s del curso \u201cPolic\u00eda investigador, La investigaci\u00f3n policial en el delito de robo\u201d, 5 m\u00e1s en temas de competencias b\u00e1sicas de la funci\u00f3n policial, cuyo objetivo es fortalecer habilidades, t\u00e9cnicas y destrezas para el correcto desempe\u00f1o de sus funciones.&nbsp;<\/p>\n\n\n\n<p>Por su parte, la Direcci\u00f3n de Movilidad realiz\u00f3 98 operativos en materia de vialidad, brindando 211 apoyos en materia de vialidad en eventos y obras, adem\u00e1s de contabilizar 120 veh\u00edculos que fueron ingresados al encierro oficial por diferentes motivos.<\/p>\n\n\n\n<p>Cabe destacar que durante el mes de agosto, 2 bandas de asaltantes que operaban en territorio capitalino fueron desarticuladas.&nbsp;<\/p>\n\n\n\n<p>Con estas acciones basadas en estrategias, el Ayuntamiento de Oaxaca de Ju\u00e1rez que encabeza el edil, Francisco Mart\u00ednez Neri, a trav\u00e9s de la Secretar\u00eda de Seguridad P\u00fablica, Movilidad y Protecci\u00f3n Civil reafirma el compromiso por mantener acciones que salvaguarden la integridad f\u00edsica y patrimonial de las y los oaxaque\u00f1os.<\/p>\n","protected":false},"excerpt":{"rendered":"<p>Redacci\u00f3n\/Zona Roja. Oaxaca de Ju\u00e1rez, Oaxaca, a 13 de septiembre de 2024.- El Ayuntamiento de&hellip;<\/p>\n","protected":false},"author":2,"featured_media":72401,"comment_status":"closed","ping_status":"open","sticky":false,"template":"","format":"standard","meta":{"_lmt_disableupdate":"","_lmt_disable":"","_jetpack_memberships_contains_paid_content":false,"footnotes":""},"categories":[109,46],"tags":[148],"class_list":["post-72407","post","type-post","status-publish","format-standard","has-post-thumbnail","hentry","category-minuto-a-minuto","category-zona-blanca","tag-oaxaca-de-juarez"],"jetpack_featured_media_url":"https:\/\/zonaroja.com.mx\/wp-content\/uploads\/2024\/09\/Patrullaje-policia-municipal-Oaxaca.jpg","jetpack_sharing_enabled":true,"_links":{"self":[{"href":"https:\/\/zonaroja.com.mx\/index.php?rest_route=\/wp\/v2\/posts\/72407","targetHints":{"allow":["GET"]}}],"collection":[{"href":"https:\/\/zonaroja.com.mx\/index.php?rest_route=\/wp\/v2\/posts"}],"about":[{"href":"https:\/\/zonaroja.com.mx\/index.php?rest_route=\/wp\/v2\/types\/post"}],"author":[{"embeddable":true,"href":"https:\/\/zonaroja.com.mx\/index.php?rest_route=\/wp\/v2\/users\/2"}],"replies":[{"embeddable":true,"href":"https:\/\/zonaroja.com.mx\/index.php?rest_route=%2Fwp%2Fv2%2Fcomments&post=72407"}],"version-history":[{"count":1,"href":"https:\/\/zonaroja.com.mx\/index.php?rest_route=\/wp\/v2\/posts\/72407\/revisions"}],"predecessor-version":[{"id":72408,"href":"https:\/\/zonaroja.com.mx\/index.php?rest_route=\/wp\/v2\/posts\/72407\/revisions\/72408"}],"wp:featuredmedia":[{"embeddable":true,"href":"https:\/\/zonaroja.com.mx\/index.php?rest_route=\/wp\/v2\/media\/72401"}],"wp:attachment":[{"href":"https:\/\/zonaroja.com.mx\/index.php?rest_route=%2Fwp%2Fv2%2Fmedia&parent=72407"}],"wp:term":[{"taxonomy":"category","embeddable":true,"href":"https:\/\/zonaroja.com.mx\/index.php?rest_route=%2Fwp%2Fv2%2Fcategories&post=72407"},{"taxonomy":"post_tag","embeddable":true,"href":"https:\/\/zonaroja.com.mx\/index.php?rest_route=%2Fwp%2Fv2%2Ftags&post=72407"}],"curies":[{"name":"wp","href":"https:\/\/api.w.org\/{rel}","templated":true}]}}