{"id":72409,"date":"2024-09-13T16:37:02","date_gmt":"2024-09-13T22:37:02","guid":{"rendered":"https:\/\/zonaroja.com.mx\/?p=72409"},"modified":"2024-09-13T16:37:05","modified_gmt":"2024-09-13T22:37:05","slug":"preocupa-a-la-cidh-aprobacion-de-reforma-judicial-en-mexico","status":"publish","type":"post","link":"https:\/\/zonaroja.com.mx\/?p=72409","title":{"rendered":"Preocupa a la CIDH aprobaci\u00f3n de reforma judicial en M\u00e9xico"},"content":{"rendered":"\n<p>Redacci\u00f3n\/Zona Roja Cdmx.<\/p>\n\n\n\n<p>Ciudad de M\u00e9xico, a 13 de septiembre de 2024.- La Comisi\u00f3n Interamericana de Derechos Humanos (CIDH) manifest\u00f3 su grave preocupaci\u00f3n por la aprobaci\u00f3n de la reforma al Poder Judicial y advirti\u00f3 sobre los posibles impactos en el derecho de acceso a la justicia, en las garant\u00edas de independencia judicial y en la vigencia del Estado de Derecho.<\/p>\n\n\n\n<p>\u201cLa CIDH reconoce la importancia de una reforma que fortalezca el sistema judicial en M\u00e9xico\u201d, se\u00f1al\u00f3 el organismo de la Organizaci\u00f3n de los Estados Americanos (OEA) en un comunicado en el que opin\u00f3 que \u201cuna reforma constitucional de esta envergadura debe conducirse en el marco de un di\u00e1logo amplio, debidamente informado y participativo y que active, de buena fe, los mecanismos institucionales de participaci\u00f3n ciudadana\u201d.<\/p>\n\n\n\n<p>Al advertir que en M\u00e9xico persisten desaf\u00edos en el acceso a la justicia en M\u00e9xico que se traducen en altos niveles de impunidad y corrupci\u00f3n, la Comisi\u00f3n inst\u00f3 \u201ca las autoridades del Estado a asegurar que toda reforma judicial se realice de acuerdo con la Convenci\u00f3n Americana sobre Derechos Humanos y los est\u00e1ndares interamericanos sobre independencia judicial y acceso a la justicia, y que responda a las necesidades de justicia expedita y efectiva para su poblaci\u00f3n, sin discriminaci\u00f3n\u201d.<\/p>\n\n\n\n<p>Asimismo, \u201cfrente a la conflictividad y las protestas p\u00fablicas, exhorta a garantizar instancias de di\u00e1logo real, que asegure la participaci\u00f3n de todos los sectores interesados\u201d.<\/p>\n\n\n\n<p>Indic\u00f3 que ha recibido \u201ccuantiosa informaci\u00f3n de parte de organizaciones de la sociedad civil, personas expertas y operadoras de justicia sobre las posibles afectaciones que derivar\u00edan de esta reforma constitucional\u201d.<br>La CIDH se\u00f1al\u00f3 que llam\u00f3 su atenci\u00f3n que \u201clo precipitado de las profundas modificaciones podr\u00eda tener consecuencias negativas para las garant\u00edas de idoneidad y acceso meritocr\u00e1tico a la carrera judicial\u201d.<\/p>\n\n\n\n<p>Las cr\u00edticas que ha escuchado la Comisi\u00f3n tambi\u00e9n se\u00f1alan que la reforma \u201cno parte de un diagn\u00f3stico sobre los verdaderos d\u00e9ficits en el acceso a la justicia ni contempla c\u00f3mo impactar\u00e1 en los procesos de elecci\u00f3n popular la fuerte presencia del crimen organizado en varias zonas del pa\u00eds\u201d.<\/p>\n\n\n\n<p>\u201cEntre otros temas cuestionados, la Comisi\u00f3n ha conocido de la inclusi\u00f3n en la reforma constitucional de medidas de preservaci\u00f3n de la identidad de personas juzgadoras en casos relacionados con delincuencia organizada, denominado por el sistema interamericano como \u00abjueces sin rostro\u00bb, cuyo uso ha sido declarado contrario a la Convenci\u00f3n Americana por los \u00f3rganos del sistema interamericano. <\/p>\n\n\n\n<p>Del mismo modo, ha recogido la inquietud por el proceso para la integraci\u00f3n del nuevo Tribunal de Disciplina Judicial que podr\u00eda comprometer su independencia, as\u00ed como sobre la falta de garant\u00edas del debido proceso en el r\u00e9gimen disciplinario\u201d.<\/p>\n\n\n\n<p>Agreg\u00f3 que si bien el Estado inform\u00f3 sobre una serie de di\u00e1logos nacionales para garantizar la participaci\u00f3n ciudadana en la reforma que ocurrieron entre el 21 de febrero y el 18 de abril de 2024, \u201cla CIDH observa que la celeridad en su tramitaci\u00f3n est\u00e1 impidiendo considerar efectivamente las cr\u00edticas de un sector de la ciudadan\u00eda, tal como lo demuestran las manifestaciones de las \u00faltimas semanas\u201d.<\/p>\n\n\n\n<p>La Comisi\u00f3n se\u00f1al\u00f3 que \u201cun proceso adecuado de nombramiento y selecci\u00f3n constituye un presupuesto esencial para garantizar la independencia de las personas operadoras de justicia\u201d. \u00a0y dijo que \u201clos procesos de selecci\u00f3n de las autoridades disciplinarias de la judicatura tambi\u00e9n deben revestir las garant\u00edas de independencia\u201d.<\/p>\n\n\n\n<p>(Informaci\u00f3n de \u201cLa Jornada\u201d)<\/p>\n","protected":false},"excerpt":{"rendered":"<p>Redacci\u00f3n\/Zona Roja Cdmx. Ciudad de M\u00e9xico, a 13 de septiembre de 2024.- La Comisi\u00f3n Interamericana&hellip;<\/p>\n","protected":false},"author":2,"featured_media":72410,"comment_status":"closed","ping_status":"open","sticky":false,"template":"","format":"standard","meta":{"_lmt_disableupdate":"","_lmt_disable":"","_jetpack_memberships_contains_paid_content":false,"footnotes":""},"categories":[109,46],"tags":[4027],"class_list":["post-72409","post","type-post","status-publish","format-standard","has-post-thumbnail","hentry","category-minuto-a-minuto","category-zona-blanca","tag-reforma-al-poder-judicial"],"jetpack_featured_media_url":"https:\/\/zonaroja.com.mx\/wp-content\/uploads\/2024\/09\/images.jpeg","jetpack_sharing_enabled":true,"_links":{"self":[{"href":"https:\/\/zonaroja.com.mx\/index.php?rest_route=\/wp\/v2\/posts\/72409","targetHints":{"allow":["GET"]}}],"collection":[{"href":"https:\/\/zonaroja.com.mx\/index.php?rest_route=\/wp\/v2\/posts"}],"about":[{"href":"https:\/\/zonaroja.com.mx\/index.php?rest_route=\/wp\/v2\/types\/post"}],"author":[{"embeddable":true,"href":"https:\/\/zonaroja.com.mx\/index.php?rest_route=\/wp\/v2\/users\/2"}],"replies":[{"embeddable":true,"href":"https:\/\/zonaroja.com.mx\/index.php?rest_route=%2Fwp%2Fv2%2Fcomments&post=72409"}],"version-history":[{"count":1,"href":"https:\/\/zonaroja.com.mx\/index.php?rest_route=\/wp\/v2\/posts\/72409\/revisions"}],"predecessor-version":[{"id":72411,"href":"https:\/\/zonaroja.com.mx\/index.php?rest_route=\/wp\/v2\/posts\/72409\/revisions\/72411"}],"wp:featuredmedia":[{"embeddable":true,"href":"https:\/\/zonaroja.com.mx\/index.php?rest_route=\/wp\/v2\/media\/72410"}],"wp:attachment":[{"href":"https:\/\/zonaroja.com.mx\/index.php?rest_route=%2Fwp%2Fv2%2Fmedia&parent=72409"}],"wp:term":[{"taxonomy":"category","embeddable":true,"href":"https:\/\/zonaroja.com.mx\/index.php?rest_route=%2Fwp%2Fv2%2Fcategories&post=72409"},{"taxonomy":"post_tag","embeddable":true,"href":"https:\/\/zonaroja.com.mx\/index.php?rest_route=%2Fwp%2Fv2%2Ftags&post=72409"}],"curies":[{"name":"wp","href":"https:\/\/api.w.org\/{rel}","templated":true}]}}