{"id":72412,"date":"2024-09-13T19:37:38","date_gmt":"2024-09-14T01:37:38","guid":{"rendered":"https:\/\/zonaroja.com.mx\/?p=72412"},"modified":"2024-09-13T19:37:40","modified_gmt":"2024-09-14T01:37:40","slug":"normalistas-de-ayotzinapa-queman-autos-y-lanzan-explosivos-en-guerrero","status":"publish","type":"post","link":"https:\/\/zonaroja.com.mx\/?p=72412","title":{"rendered":"Normalistas de Ayotzinapa queman autos y lanzan explosivos en Guerrero"},"content":{"rendered":"\n<p>Redacci\u00f3n\/Zona Roja Cdmx.<\/p>\n\n\n\n<p>Ciudad de M\u00e9xico, a 13 de septiembre de 2024.- Estudiantes de la Escuela Normal Rural de Ayotzinapa, en Guerrero, irrumpieron en el Congreso del Estado, donde quemaron autos y lanzaron explosivos al recinto legislativo.<\/p>\n\n\n\n<p>En un evento fuera del Congreso, los activistas acusaron al presidente Andr\u00e9s Manuel L\u00f3pez Obrador de \u201cenga\u00f1ar\u201d a las familias de los 43 estudiantes, a quienes hab\u00eda prometido resolver el caso antes de terminar su mandato, el pr\u00f3ximo 30 de septiembre.<\/p>\n\n\n\n<p>La protesta, a 13 d\u00edas de que se cumplan 10 a\u00f1os de la desaparici\u00f3n de los 43 normalistas de Ayotzinapa, dej\u00f3 un saldo de 15 veh\u00edculos afectados, tres de ellos fueron quemados.<\/p>\n\n\n\n<p>Como parte de esa agresi\u00f3n al edificio legislativo, no se reportaron personas lesionadas.<\/p>\n\n\n\n<p>Constantino Gonz\u00e1lez Vargas, director de Seguridad del Congreso Local, explic\u00f3 que desde que les informaron que los estudiantes normalistas se dirig\u00edan al Congreso local desalojaron a por lo menos 300 de los 400 trabajadores que laboran en el recinto legislativo.<\/p>\n\n\n\n<p>\u201cSe aplic\u00f3 el plan de emergencia, afortunadamente no tenemos da\u00f1os al personal, pero s\u00ed da\u00f1os materiales, hay 15 veh\u00edculos afectados y nueve explosivos que detonaron\u201d, dijo el responsable de la seguridad del Congreso de Guerrero.<\/p>\n\n\n\n<p>Se\u00f1al\u00f3 que los manifestantes utilizaron una camioneta con la leyenda de Ayotzinapa, que impactaron contra la reja principal del estacionamiento, hasta que la derrumbaron e ingresaron para lanzar petardos contra los veh\u00edculos.<\/p>\n\n\n\n<p>Constantino Gonz\u00e1lez record\u00f3 que recientemente se aprob\u00f3 una ley que proh\u00edbe la utilizaci\u00f3n de explosivos y que castiga hasta con 40 a\u00f1os de c\u00e1rcel a quienes los utilicen.<\/p>\n\n\n\n<p>Despu\u00e9s de que se retiraron los normalistas, arribaron al Congreso local dos unidades de bomberos y personal de esa corporaci\u00f3n municipal y estatal para sofocar el fuego de los veh\u00edculos que fueron incendiados.<\/p>\n\n\n\n<p>Los manifestantes acusan al presidente, Andr\u00e9s Manuel L\u00f3pez Obrador, de no resolver el caso y de encubrir al Ej\u00e9rcito, a pesar de que la Comisi\u00f3n de la Verdad creada por su Gobierno concluy\u00f3 en 2022 que (la desaparici\u00f3n de los 43) fue un \u201ccrimen de Estado\u201d con la participaci\u00f3n de autoridades de todos los niveles, incluyendo Fuerzas Armadas.<\/p>\n\n\n\n<p>Los manifestantes han anunciado protestas a partir de esta semana, que se extender\u00edan hasta las v\u00edsperas del 1 de octubre, cuando asume la presidenta electa, Claudia Sheinbaum, del mismo partido de L\u00f3pez Obrador, y con quien ya han hablado los familiares de los 43 respecto a lo qu\u00e9 vendr\u00eda para la investigaci\u00f3n del caso bajo su Administraci\u00f3n.<\/p>\n\n\n\n<p>(Informaci\u00f3n de EFE y de \u201cEl Financiero\u201d)<\/p>\n","protected":false},"excerpt":{"rendered":"<p>Redacci\u00f3n\/Zona Roja Cdmx. Ciudad de M\u00e9xico, a 13 de septiembre de 2024.- Estudiantes de la&hellip;<\/p>\n","protected":false},"author":2,"featured_media":72413,"comment_status":"closed","ping_status":"open","sticky":false,"template":"","format":"standard","meta":{"_lmt_disableupdate":"","_lmt_disable":"","_jetpack_memberships_contains_paid_content":false,"footnotes":""},"categories":[109,47],"tags":[823],"class_list":["post-72412","post","type-post","status-publish","format-standard","has-post-thumbnail","hentry","category-minuto-a-minuto","category-zona-gris","tag-desaparecidos-ayotzinapa-guerrero"],"jetpack_featured_media_url":"https:\/\/zonaroja.com.mx\/wp-content\/uploads\/2024\/09\/Normalistas-violencia-Congreso-Guerrero.jpeg","jetpack_sharing_enabled":true,"_links":{"self":[{"href":"https:\/\/zonaroja.com.mx\/index.php?rest_route=\/wp\/v2\/posts\/72412","targetHints":{"allow":["GET"]}}],"collection":[{"href":"https:\/\/zonaroja.com.mx\/index.php?rest_route=\/wp\/v2\/posts"}],"about":[{"href":"https:\/\/zonaroja.com.mx\/index.php?rest_route=\/wp\/v2\/types\/post"}],"author":[{"embeddable":true,"href":"https:\/\/zonaroja.com.mx\/index.php?rest_route=\/wp\/v2\/users\/2"}],"replies":[{"embeddable":true,"href":"https:\/\/zonaroja.com.mx\/index.php?rest_route=%2Fwp%2Fv2%2Fcomments&post=72412"}],"version-history":[{"count":1,"href":"https:\/\/zonaroja.com.mx\/index.php?rest_route=\/wp\/v2\/posts\/72412\/revisions"}],"predecessor-version":[{"id":72414,"href":"https:\/\/zonaroja.com.mx\/index.php?rest_route=\/wp\/v2\/posts\/72412\/revisions\/72414"}],"wp:featuredmedia":[{"embeddable":true,"href":"https:\/\/zonaroja.com.mx\/index.php?rest_route=\/wp\/v2\/media\/72413"}],"wp:attachment":[{"href":"https:\/\/zonaroja.com.mx\/index.php?rest_route=%2Fwp%2Fv2%2Fmedia&parent=72412"}],"wp:term":[{"taxonomy":"category","embeddable":true,"href":"https:\/\/zonaroja.com.mx\/index.php?rest_route=%2Fwp%2Fv2%2Fcategories&post=72412"},{"taxonomy":"post_tag","embeddable":true,"href":"https:\/\/zonaroja.com.mx\/index.php?rest_route=%2Fwp%2Fv2%2Ftags&post=72412"}],"curies":[{"name":"wp","href":"https:\/\/api.w.org\/{rel}","templated":true}]}}