{"id":72421,"date":"2024-09-14T08:50:00","date_gmt":"2024-09-14T14:50:00","guid":{"rendered":"https:\/\/zonaroja.com.mx\/?p=72421"},"modified":"2024-09-14T07:14:11","modified_gmt":"2024-09-14T13:14:11","slug":"se-suman-sindicatos-en-apoyo-al-sector-salud-de-oaxaca","status":"publish","type":"post","link":"https:\/\/zonaroja.com.mx\/?p=72421","title":{"rendered":"Se suman sindicatos en apoyo al sector salud de Oaxaca"},"content":{"rendered":"\n<p>Raymundo Morales\/Zona Roja.<\/p>\n\n\n\n<p>Oaxaca de Ju\u00e1rez, Oax., a 14 de septiembre de 2024.- Integrantes del Frente Unificador de Sindicatos Independientes de Oaxaca y Nacionales (FUSION), entre ellos la Secci\u00f3n 22, se sumaron a la lucha de los trabajadores del sector salud, en contra del traspaso al IMSS Bienestar y por equipamiento al Hospital General \u201cDr. Aurelio Valdivieso\u201d.<\/p>\n\n\n\n<p>El respaldo masivo se concret\u00f3 este viernes por la tarde en una marcha, en que participaron diversos gremios que coincidieron en fortalecer el frente para exigir a las autoridades federales y estatales mejorar la calidad y los servicios del sector salud.<\/p>\n\n\n\n<p>Aseguraron que este traspaso al nuevo r\u00e9gimen no es m\u00e1s que una reforma laboral ya que como tal est\u00e1 trastocando otra vez derechos laborales, adem\u00e1s de intentar arrebatar los derechos colectivos ganados a trav\u00e9s de movilizaciones y exigencias de mejores condiciones de trabajo.<\/p>\n\n\n\n<p>\u201cHoy tenemos un panorama incierto al afectar nuestra estabilidad laboral ya que los compa\u00f1eros regularizados y formalizados ser\u00e1n pasados a imss bienestar como comisionados, implicando con ello estar disponible a donde la autoridad quiera enviarlos, echando por la borda el proceso escalafonario mediante el cual los compa\u00f1eros han sido adscritos\u201d, denunciaron trabajadores del sector salud.<\/p>\n\n\n\n<p>Agradecieron el apoyo de trabajadores de los diferentes sectores como los de la educaci\u00f3n, los telefonistas, de la construcci\u00f3n y dem\u00e1s servicios del estado, \u201cpor su solidaridad en estos momentos dif\u00edciles que estamos pasando\u201d.<\/p>\n\n\n\n<p>\u201cEl IMSS Bienestar no solo es un golpe hacia los trabajadores del sector salud, sino que es un golpe a todos los trabajadores y que ante esta embestida nuestro \u00fanico camino es la unidad, la organizaci\u00f3n y la movilizaci\u00f3n de la clase trabajadora para nuestra defensa ya que s\u00f3lo los trabajadores unidos podr\u00e1n salvar a los trabajadores\u201d, remarcaron.<\/p>\n\n\n\n<p>LA \u201cTRANSFORMACI\u00d3N\u201d<\/p>\n\n\n\n<p>De acuerdo con un comunicado emitido por el sector salud de Oaxaca, fue en el a\u00f1o 2000 cuando se implement\u00f3 el Seguro Popular, en donde se les hizo creer a los usuarios sin derechohabiencia social que tendr\u00edan todo lo que necesitar\u00edan para su atenci\u00f3n m\u00e9dica.<\/p>\n\n\n\n<p>Pero \u201cfue un programa m\u00e1s, que solo sirvi\u00f3 para iniciar con la privatizaci\u00f3n de la salud, ya que nunca resolvi\u00f3 el desabasto de medicamentos e insumos para brindar una atenci\u00f3n de calidad y calidez que tanto se pregonaba desde entonces.<\/p>\n\n\n\n<p>\u201cSin embargo, para lo que s\u00ed sirvi\u00f3 fue para afectar a los trabajadores desapareciendo los c\u00f3digos de personal de limpieza, de vigilancia dando la entrada a las empresas privadas dentro del sector p\u00fablico, comenzaron las empresas privadas farmac\u00e9uticas a surtir los medicamentos, material de laboratorio y mantenimiento de los equipos, empresas privadas de lavander\u00eda, convirtiendo as\u00ed a los servicios de salud en la caja chica del gobierno tanto federal como estatal para encubrir todo un saqueo a la salud p\u00fablica\u201d.<\/p>\n\n\n\n<p>En el a\u00f1o 2018 se pretendi\u00f3 despedir a m\u00e1s de dos mil trabajadores con el argumento de que eran \u201caviadores\u201d, \u201cdiciendo que eran muchos y que no hab\u00eda necesidad de ellos, logrando detener este despido a trav\u00e9s de la movilizaci\u00f3n y organizaci\u00f3n como \u00fanica forma de defensa que tenemos\u201d.&nbsp;<\/p>\n\n\n\n<p>En el a\u00f1o 2022, el gobierno federal decreta el IMSS Bienestar \u201cy nuevamente con mentiras y artima\u00f1as\u201d plantea una vez m\u00e1s que todos los mexicanos y mexicanas van a tener acceso a la salud de forma gratuita y de buena calidad.<\/p>\n\n\n\n<p>\u201cEn este a\u00f1o 2024 a partir del mes de julio sin nuestro consentimiento como trabajadores fuimos transferidos a este programa aproximadamente cuatro mil trabajadores de base del \u00e1rea de enfermer\u00eda y m\u00e9dicos adscritos a unidades m\u00e9dicas, quedando pendientes por transferir siete mil trabajadores\u201d.<\/p>\n","protected":false},"excerpt":{"rendered":"<p>Raymundo Morales\/Zona Roja. Oaxaca de Ju\u00e1rez, Oax., a 14 de septiembre de 2024.- Integrantes del&hellip;<\/p>\n","protected":false},"author":2,"featured_media":72423,"comment_status":"closed","ping_status":"open","sticky":false,"template":"","format":"standard","meta":{"_lmt_disableupdate":"","_lmt_disable":"","_jetpack_memberships_contains_paid_content":false,"footnotes":""},"categories":[109,47],"tags":[2006],"class_list":["post-72421","post","type-post","status-publish","format-standard","has-post-thumbnail","hentry","category-minuto-a-minuto","category-zona-gris","tag-imss-bienestar-oaxaca"],"jetpack_featured_media_url":"https:\/\/zonaroja.com.mx\/wp-content\/uploads\/2024\/09\/Marcha-sector-salud-Oaxaca.jpg","jetpack_sharing_enabled":true,"_links":{"self":[{"href":"https:\/\/zonaroja.com.mx\/index.php?rest_route=\/wp\/v2\/posts\/72421","targetHints":{"allow":["GET"]}}],"collection":[{"href":"https:\/\/zonaroja.com.mx\/index.php?rest_route=\/wp\/v2\/posts"}],"about":[{"href":"https:\/\/zonaroja.com.mx\/index.php?rest_route=\/wp\/v2\/types\/post"}],"author":[{"embeddable":true,"href":"https:\/\/zonaroja.com.mx\/index.php?rest_route=\/wp\/v2\/users\/2"}],"replies":[{"embeddable":true,"href":"https:\/\/zonaroja.com.mx\/index.php?rest_route=%2Fwp%2Fv2%2Fcomments&post=72421"}],"version-history":[{"count":1,"href":"https:\/\/zonaroja.com.mx\/index.php?rest_route=\/wp\/v2\/posts\/72421\/revisions"}],"predecessor-version":[{"id":72424,"href":"https:\/\/zonaroja.com.mx\/index.php?rest_route=\/wp\/v2\/posts\/72421\/revisions\/72424"}],"wp:featuredmedia":[{"embeddable":true,"href":"https:\/\/zonaroja.com.mx\/index.php?rest_route=\/wp\/v2\/media\/72423"}],"wp:attachment":[{"href":"https:\/\/zonaroja.com.mx\/index.php?rest_route=%2Fwp%2Fv2%2Fmedia&parent=72421"}],"wp:term":[{"taxonomy":"category","embeddable":true,"href":"https:\/\/zonaroja.com.mx\/index.php?rest_route=%2Fwp%2Fv2%2Fcategories&post=72421"},{"taxonomy":"post_tag","embeddable":true,"href":"https:\/\/zonaroja.com.mx\/index.php?rest_route=%2Fwp%2Fv2%2Ftags&post=72421"}],"curies":[{"name":"wp","href":"https:\/\/api.w.org\/{rel}","templated":true}]}}