{"id":72425,"date":"2024-09-14T09:14:00","date_gmt":"2024-09-14T15:14:00","guid":{"rendered":"https:\/\/zonaroja.com.mx\/?p=72425"},"modified":"2024-09-14T07:25:14","modified_gmt":"2024-09-14T13:25:14","slug":"confirma-tribunal-triunfos-en-seis-ayuntamientos-incluyendo-la-capital","status":"publish","type":"post","link":"https:\/\/zonaroja.com.mx\/?p=72425","title":{"rendered":"Confirma Tribunal triunfos en seis ayuntamientos, incluyendo la capital"},"content":{"rendered":"\n<p>Redacci\u00f3n\/Zona Roja.<\/p>\n\n\n\n<p>Oaxaca de Ju\u00e1rez, Oax., a 14 de septiembre de 2024.- El Tribunal Electoral del Estado de Oaxaca (TEEO) confirm\u00f3 ayer el otorgamiento de la constancia de mayor\u00eda y validez, as\u00ed como, la declaratoria de validez de la elecci\u00f3n en seis ayuntamientos.<\/p>\n\n\n\n<p>Una de ellas, la candidatura com\u00fan postulada por los partidos Verde Ecologista de M\u00e9xico y Fuerza por M\u00e9xico Oaxaca, encabezada por Raymundo Chagoya Villanueva.<\/p>\n\n\n\n<p>En un comunicado, expuso que la resoluci\u00f3n del recurso de revisi\u00f3n con clave RIN\/EA\/52\/2024, determin\u00f3 que son infundados los agravios expresados por Morena y Francisco Mart\u00ednez Neri, respecto al supuesto rebase del tope de gastos de campa\u00f1a y la inelegibilidad de Chagoya Villanueva, as\u00ed como, las causales de nulidad hechas valer en 104 casillas impugnadas.<\/p>\n\n\n\n<p>Por unanimidad, el pleno del \u00f3rgano jurisdiccional se\u00f1al\u00f3 que el Consejo General del Instituto Nacional Electoral (INE), en el correspondiente dictamen consolidado, inform\u00f3 que el candidato postulado por la candidatura com\u00fan integrada por los partidos Verde Ecologista de M\u00e9xico y Fuerza por M\u00e9xico Oaxaca a la presidencia municipal de Oaxaca de Ju\u00e1rez no incurri\u00f3 en un rebase al tope.<\/p>\n\n\n\n<p>En cuanto a la inelegibilidad del candidato ganador, advirti\u00f3 que las personas notarias p\u00fablicas, no cuentan con un cargo que sea compatible con los supuestos de inelegibilidad previstos en la Constituci\u00f3n local y Ley Electoral local.<\/p>\n\n\n\n<p>Los promoventes solicitaron la anulaci\u00f3n de la votaci\u00f3n recibida en 109 casillas y al respecto, el TEEO decret\u00f3 esta infracci\u00f3n en cinco, ya que, en esos casos, concluy\u00f3 que cinco personas fungieron como funcionarios sin pertenecer a la secci\u00f3n correspondiente, y, en consecuencia, procede la modificaci\u00f3n de los resultados del c\u00f3mputo municipal.<\/p>\n\n\n\n<p>Sin embargo, advirti\u00f3 que la nulidad de la votaci\u00f3n recibida en dichas casillas, no cambia el resultado de la elecci\u00f3n.<\/p>\n\n\n\n<p>Aunado a ello, este Tribunal declar\u00f3 ineficaces las causales de nulidad de la elecci\u00f3n por violencia generalizada y la inequidad en la contienda alegada, pues las pruebas aportadas por los actores resultaron insuficientes para acreditarlas.<\/p>\n\n\n\n<p>Por otra parte, a trav\u00e9s de diversos expedientes, el TEEO confirm\u00f3 los resultados del c\u00f3mputo de la elecci\u00f3n, la entrega de la constancia de mayor\u00eda y validez a las planillas que obtuvieron los triunfos en Miahuatl\u00e1n de Porfirio D\u00edaz, San Lucas Ojitl\u00e1n, Santa Cruz Xoxocotl\u00e1n, Heroica Ciudad de Tlaxiaco y Santa Mar\u00eda Mixtequilla.<\/p>\n","protected":false},"excerpt":{"rendered":"<p>Redacci\u00f3n\/Zona Roja. Oaxaca de Ju\u00e1rez, Oax., a 14 de septiembre de 2024.- El Tribunal Electoral&hellip;<\/p>\n","protected":false},"author":2,"featured_media":68045,"comment_status":"closed","ping_status":"open","sticky":false,"template":"","format":"standard","meta":{"_lmt_disableupdate":"","_lmt_disable":"","_jetpack_memberships_contains_paid_content":false,"footnotes":""},"categories":[109,46],"tags":[2235],"class_list":["post-72425","post","type-post","status-publish","format-standard","has-post-thumbnail","hentry","category-minuto-a-minuto","category-zona-blanca","tag-tribunal-electoral-del-estado-de-oaxaca-teeo"],"jetpack_featured_media_url":"https:\/\/zonaroja.com.mx\/wp-content\/uploads\/2024\/05\/Baston-de-mando-poderes-municipales.jpg","jetpack_sharing_enabled":true,"_links":{"self":[{"href":"https:\/\/zonaroja.com.mx\/index.php?rest_route=\/wp\/v2\/posts\/72425","targetHints":{"allow":["GET"]}}],"collection":[{"href":"https:\/\/zonaroja.com.mx\/index.php?rest_route=\/wp\/v2\/posts"}],"about":[{"href":"https:\/\/zonaroja.com.mx\/index.php?rest_route=\/wp\/v2\/types\/post"}],"author":[{"embeddable":true,"href":"https:\/\/zonaroja.com.mx\/index.php?rest_route=\/wp\/v2\/users\/2"}],"replies":[{"embeddable":true,"href":"https:\/\/zonaroja.com.mx\/index.php?rest_route=%2Fwp%2Fv2%2Fcomments&post=72425"}],"version-history":[{"count":1,"href":"https:\/\/zonaroja.com.mx\/index.php?rest_route=\/wp\/v2\/posts\/72425\/revisions"}],"predecessor-version":[{"id":72426,"href":"https:\/\/zonaroja.com.mx\/index.php?rest_route=\/wp\/v2\/posts\/72425\/revisions\/72426"}],"wp:featuredmedia":[{"embeddable":true,"href":"https:\/\/zonaroja.com.mx\/index.php?rest_route=\/wp\/v2\/media\/68045"}],"wp:attachment":[{"href":"https:\/\/zonaroja.com.mx\/index.php?rest_route=%2Fwp%2Fv2%2Fmedia&parent=72425"}],"wp:term":[{"taxonomy":"category","embeddable":true,"href":"https:\/\/zonaroja.com.mx\/index.php?rest_route=%2Fwp%2Fv2%2Fcategories&post=72425"},{"taxonomy":"post_tag","embeddable":true,"href":"https:\/\/zonaroja.com.mx\/index.php?rest_route=%2Fwp%2Fv2%2Ftags&post=72425"}],"curies":[{"name":"wp","href":"https:\/\/api.w.org\/{rel}","templated":true}]}}