{"id":72427,"date":"2024-09-14T10:00:00","date_gmt":"2024-09-14T16:00:00","guid":{"rendered":"https:\/\/zonaroja.com.mx\/?p=72427"},"modified":"2024-09-14T07:36:19","modified_gmt":"2024-09-14T13:36:19","slug":"senado-y-camara-de-diputados-declaran-constitucionalidad-de-reforma","status":"publish","type":"post","link":"https:\/\/zonaroja.com.mx\/?p=72427","title":{"rendered":"Senado y C\u00e1mara de Diputados declaran constitucionalidad de reforma"},"content":{"rendered":"\n<p>Redacci\u00f3n\/Zona Roja Cdmx.<\/p>\n\n\n\n<p>Ciudad de M\u00e9xico, a 14 de septiembre de 2024.- La Mesa Directiva de la C\u00e1mara de Diputados emiti\u00f3 ayer la declaratoria constitucional de la reforma al Poder Judicial en una sesi\u00f3n ordinaria que dur\u00f3 a penas 31 minutos.<\/p>\n\n\n\n<p>Con la presencia de 263 de los 500 diputados, la C\u00e1mara Baja aprob\u00f3 la declaratoria de constitucionalidad de la reforma judicial luego de que esta fue avalada en al menos 22 Congresos estatales.<\/p>\n\n\n\n<p>El vicepresidente de la Mesa Directiva, Sergio Guti\u00e9rrez Luna, en menos de 10 minutos, emiti\u00f3 reformadas, adicionadas y derogadas diversas disposiciones de la Constituci\u00f3n en materia de reforma al Poder Judicial.<\/p>\n\n\n\n<p>En medio de los gritos de \u201c\u00a1S\u00ed se pudo!\u201d, Guti\u00e9rrez Luna orden\u00f3 que la reforma se remitiera al Ejecutivo para su publicaci\u00f3n en el Diario Oficial de la Federaci\u00f3n (DOF).<\/p>\n\n\n\n<p>EN SENADO<\/p>\n\n\n\n<p>Horas antes, el Senado tambi\u00e9n hab\u00eda aprobado la constitucionalidad de la reforma.<\/p>\n\n\n\n<p>\u201cA efecto de dar cumplimiento al art\u00edculo 135 constitucional (&#8230;) y una vez computados los 23 votos aprobatorios de las legislaturas de los estados, la C\u00e1mara de Senadores declara aprobado el decreto por el que se reforman, adicionan y derogan diversas disposiciones de la Constituci\u00f3n mexicana en materia del Poder Judicial\u201d, declar\u00f3 ante el presidente de la Mesa Directiva del Senado, Gerardo Fern\u00e1ndez Noro\u00f1a.<\/p>\n\n\n\n<p>ORDENAN NO PUBLICAR<\/p>\n\n\n\n<p>Por otra parte, un juez concedi\u00f3 este viernes un amparo con el que orden\u00f3 frenar la promulgaci\u00f3n el pr\u00f3ximo domingo de la pol\u00e9mica reforma judicial del presidente, Andr\u00e9s Manuel L\u00f3pez Obrador, para que haya elecciones populares de todos los juzgadores, magistrados y la Suprema Corte.<\/p>\n\n\n\n<p>El Juzgado Segundo de Distrito en el Estado de Colima dict\u00f3 una suspensi\u00f3n provisional, hasta el 11 de octubre, al amparar a la Fundaci\u00f3n Iris en Promoci\u00f3n y Defensa de los Derechos Humanos, que cuestion\u00f3 el proceso legislativo de la iniciativa, aprobada el mi\u00e9rcoles en el Senado y el jueves en los congresos estatales.<\/p>\n\n\n\n<p>Con el expediente 1125\/2024 es el cuarto fallo contra el proceso legislativo de la reforma que dictan los jueces en M\u00e9xico.<\/p>\n\n\n\n<p>Pero este tambi\u00e9n ordena que \u201cen caso de que el procedimiento de reforma constitucional impugnado se apruebe por las autoridades responsables, el decreto respectivo no se publique en el Diario Oficial de la Federaci\u00f3n\u201d.<\/p>\n\n\n\n<p>Este fallo arruinar\u00eda los planes de AMLO, ya que en su conferencia matutina del jueves 12 de septiembre, anunci\u00f3 que la reforma al poder Judicial se publicar\u00eda el 15 de septiembre.<\/p>\n\n\n\n<p>\u201cQue se publique el 15 de septiembre, porque es una de forma important\u00edsima, eso es reafirmar que en M\u00e9xico hay una aut\u00e9ntica democracia, el pueblo elige a sus representantes, el pueblo elige a los servidores p\u00fablicos de los tres poderes que es la democracia, no las \u00e9lites, no la llamada clase pol\u00edtica, no la oligarqu\u00eda\u201d, asegur\u00f3.<\/p>\n\n\n\n<p>(Con informaci\u00f3n de EFE, en L\u00f3pez-D\u00f3riga Digital)<\/p>\n","protected":false},"excerpt":{"rendered":"<p>Redacci\u00f3n\/Zona Roja Cdmx. Ciudad de M\u00e9xico, a 14 de septiembre de 2024.- La Mesa Directiva&hellip;<\/p>\n","protected":false},"author":2,"featured_media":71810,"comment_status":"closed","ping_status":"open","sticky":false,"template":"","format":"standard","meta":{"_lmt_disableupdate":"","_lmt_disable":"","_jetpack_memberships_contains_paid_content":false,"footnotes":""},"categories":[109,46],"tags":[4027],"class_list":["post-72427","post","type-post","status-publish","format-standard","has-post-thumbnail","hentry","category-minuto-a-minuto","category-zona-blanca","tag-reforma-al-poder-judicial"],"jetpack_featured_media_url":"https:\/\/zonaroja.com.mx\/wp-content\/uploads\/2024\/08\/Poder-Judicial-de-la-Federacion.webp","jetpack_sharing_enabled":true,"_links":{"self":[{"href":"https:\/\/zonaroja.com.mx\/index.php?rest_route=\/wp\/v2\/posts\/72427","targetHints":{"allow":["GET"]}}],"collection":[{"href":"https:\/\/zonaroja.com.mx\/index.php?rest_route=\/wp\/v2\/posts"}],"about":[{"href":"https:\/\/zonaroja.com.mx\/index.php?rest_route=\/wp\/v2\/types\/post"}],"author":[{"embeddable":true,"href":"https:\/\/zonaroja.com.mx\/index.php?rest_route=\/wp\/v2\/users\/2"}],"replies":[{"embeddable":true,"href":"https:\/\/zonaroja.com.mx\/index.php?rest_route=%2Fwp%2Fv2%2Fcomments&post=72427"}],"version-history":[{"count":1,"href":"https:\/\/zonaroja.com.mx\/index.php?rest_route=\/wp\/v2\/posts\/72427\/revisions"}],"predecessor-version":[{"id":72428,"href":"https:\/\/zonaroja.com.mx\/index.php?rest_route=\/wp\/v2\/posts\/72427\/revisions\/72428"}],"wp:featuredmedia":[{"embeddable":true,"href":"https:\/\/zonaroja.com.mx\/index.php?rest_route=\/wp\/v2\/media\/71810"}],"wp:attachment":[{"href":"https:\/\/zonaroja.com.mx\/index.php?rest_route=%2Fwp%2Fv2%2Fmedia&parent=72427"}],"wp:term":[{"taxonomy":"category","embeddable":true,"href":"https:\/\/zonaroja.com.mx\/index.php?rest_route=%2Fwp%2Fv2%2Fcategories&post=72427"},{"taxonomy":"post_tag","embeddable":true,"href":"https:\/\/zonaroja.com.mx\/index.php?rest_route=%2Fwp%2Fv2%2Ftags&post=72427"}],"curies":[{"name":"wp","href":"https:\/\/api.w.org\/{rel}","templated":true}]}}