{"id":72429,"date":"2024-09-14T14:00:00","date_gmt":"2024-09-14T20:00:00","guid":{"rendered":"https:\/\/zonaroja.com.mx\/?p=72429"},"modified":"2024-09-14T07:40:41","modified_gmt":"2024-09-14T13:40:41","slug":"opinion-brecha-la-recuperacion-de-inmuebles-y-el-silencio-priista","status":"publish","type":"post","link":"https:\/\/zonaroja.com.mx\/?p=72429","title":{"rendered":"Opini\u00f3n. Brecha. La recuperaci\u00f3n de inmuebles y el silencio priista"},"content":{"rendered":"\n<p>El Andariego (Raciel Mart\u00ednez Blas)<\/p>\n\n\n\n<p>&#8211;\u00a1Es mi naturaleza!&nbsp;\u2013contest\u00f3 el alacr\u00e1n a la ranita luego de picarla. La rana hab\u00eda ayudado al ar\u00e1cnido a cruzar un charco.<\/p>\n\n\n\n<p>La f\u00e1bula es&nbsp;atribuida a Esopo.<\/p>\n\n\n\n<p>\u201cEsta ser\u00e1 la casa del campesino y como&nbsp;caracter\u00edstica en&nbsp;la&nbsp;construcci\u00f3n&nbsp;de&nbsp;su auditorio ser\u00e1 con adobes,&nbsp;con el color de la tierra,&nbsp;como son las casas de&nbsp;los&nbsp;hombres y mujeres del campo.<\/p>\n\n\n\n<p>\u201cEsta&nbsp;es ya la&nbsp;casa de la Confederaci\u00f3n Nacional Campesina, de la Liga de&nbsp;Comunidades Agrarias y&nbsp;Sindicatos&nbsp;Campesinos. Aqu\u00ed&nbsp;tendr\u00e1n puertas abiertas para encontrar respuestas&nbsp;a sus muchas necesidades.<\/p>\n\n\n\n<p>\u201cAqu\u00ed encontrar\u00e1n un espacio todas las autoridades&nbsp;municipales para descansar cuando vengan a realizar sus gestiones\u2026\u201d<\/p>\n\n\n\n<p>\u00a1Ce-ene-ce! \u00a1Ce-ene-ce! \u00a1Ce-ene-ce! Los gritos de una veintena de j\u00f3venes.&nbsp;<\/p>\n\n\n\n<p>Eran tiempos de la otrora&nbsp;fuerte organizaci\u00f3n campesina que mudaba de oficinas. Pasaba de aquella casa colonial en la avenida Independencia a la calle de Leandro Valle. &nbsp;<\/p>\n\n\n\n<p>Entre el gent\u00edo:&nbsp;Sergio Vera Cervantes, Eloy Garc\u00eda Aguilar,&nbsp;Mario Luis Guzm\u00e1n, Adolfo Toledo Infanz\u00f3n, Juan D\u00edaz Pimentel, Lilia Mendoza Cruz, Lino Vel\u00e1zquez,&nbsp;Di\u00f3doro Carrasco Palacios y su hijo el gobernador: Di\u00f3doro Carrasco Altamirano.<\/p>\n\n\n\n<p>Y la casa del campesino fue creciendo como la verdolaga en tiempos de lluvia.<\/p>\n\n\n\n<p>Una propiedad del Gobierno del Estado en comodato (prestada) a una agrupaci\u00f3n del entonces invencible Partido Revolucionario Institucional (PRI).<\/p>\n\n\n\n<p>Sigui\u00f3 la cadena de comodatos mientras el negocio de rentas para oficinas del Poder Ejecutivo:&nbsp;casa de la CNOP&nbsp;en la calle de Guerrero, oficina de la Beneficencia P\u00fablica&nbsp;en la calle Independencia.<\/p>\n\n\n\n<p>Para el silencio de los partidos pol\u00edticos el gobierno en turno sufragaba&nbsp;sus&nbsp;rentas.&nbsp;As\u00ed era el amor,&nbsp;as\u00ed&nbsp;yo lo viv\u00ed.<\/p>\n\n\n\n<p>2024.&nbsp;El Gobierno del Estado recuper\u00f3 parte de las propiedades, no del gobierno, patrimonio del pueblo de Oaxaca.<\/p>\n\n\n\n<p>Los pocos voceros del PRI arguyeron que eran propiedades leg\u00edtimas, intentaron enga\u00f1ar a la opini\u00f3n p\u00fablica. Simulaci\u00f3n de juicios para tratar de convertir algo ilegal en legal.<\/p>\n\n\n\n<p>\u00bfCu\u00e1ntas m\u00e1s faltan?&nbsp;\u00bfPor qu\u00e9 la administraci\u00f3n de Gabino Cu\u00e9 Monteagudo no procedi\u00f3? \u00bfSeguir\u00e1 Salom\u00f3n Jara Cruz con la recuperaci\u00f3n y hacer p\u00fablico lo que debe ser p\u00fablico? \u2013Nos preguntamos con \u201cEl G\u00fcero\u201d mientras saboreamos y sudamos con&nbsp;un&nbsp;caldo de menudo y pata en el mercado \u201c20 de Noviembre\u201d.<\/p>\n\n\n\n<p>\u00bfY la ranita? Pues reclam\u00f3 al alacr\u00e1n de su comportamiento&nbsp;al picarle&nbsp;cuando le ayud\u00f3 a pasar el charco.&nbsp;<\/p>\n\n\n\n<p>&#8211;\u00a1Es mi naturaleza! As\u00ed soy.<\/p>\n\n\n\n<p>As\u00ed han&nbsp;pagado&nbsp;los dirigentes del PRI&nbsp;al cari\u00f1o que sus militantes dieron. As\u00ed son.&nbsp;<\/p>\n\n\n\n<p>En tanto de la otrora casa campesina parece resonar, ya sin los l\u00edderes nailon:<\/p>\n\n\n\n<p>\u201cMarchemos agraristas a los campos\/ a sembrar la semilla del progreso\u2026\u201d<\/p>\n\n\n\n<p>*Periodista.<\/p>\n\n\n\n<p>racmar24@gmail.com<\/p>\n","protected":false},"excerpt":{"rendered":"<p>El Andariego (Raciel Mart\u00ednez Blas) &#8211;\u00a1Es mi naturaleza!&nbsp;\u2013contest\u00f3 el alacr\u00e1n a la ranita luego de&hellip;<\/p>\n","protected":false},"author":2,"featured_media":71624,"comment_status":"closed","ping_status":"open","sticky":false,"template":"","format":"standard","meta":{"_lmt_disableupdate":"","_lmt_disable":"","_jetpack_memberships_contains_paid_content":false,"footnotes":""},"categories":[456,109],"tags":[4021],"class_list":["post-72429","post","type-post","status-publish","format-standard","has-post-thumbnail","hentry","category-columna","category-minuto-a-minuto","tag-brecha-raciel-martinez-blas"],"jetpack_featured_media_url":"https:\/\/zonaroja.com.mx\/wp-content\/uploads\/2024\/08\/Opinion.-Raciel-Martinez.jpg","jetpack_sharing_enabled":true,"_links":{"self":[{"href":"https:\/\/zonaroja.com.mx\/index.php?rest_route=\/wp\/v2\/posts\/72429","targetHints":{"allow":["GET"]}}],"collection":[{"href":"https:\/\/zonaroja.com.mx\/index.php?rest_route=\/wp\/v2\/posts"}],"about":[{"href":"https:\/\/zonaroja.com.mx\/index.php?rest_route=\/wp\/v2\/types\/post"}],"author":[{"embeddable":true,"href":"https:\/\/zonaroja.com.mx\/index.php?rest_route=\/wp\/v2\/users\/2"}],"replies":[{"embeddable":true,"href":"https:\/\/zonaroja.com.mx\/index.php?rest_route=%2Fwp%2Fv2%2Fcomments&post=72429"}],"version-history":[{"count":1,"href":"https:\/\/zonaroja.com.mx\/index.php?rest_route=\/wp\/v2\/posts\/72429\/revisions"}],"predecessor-version":[{"id":72430,"href":"https:\/\/zonaroja.com.mx\/index.php?rest_route=\/wp\/v2\/posts\/72429\/revisions\/72430"}],"wp:featuredmedia":[{"embeddable":true,"href":"https:\/\/zonaroja.com.mx\/index.php?rest_route=\/wp\/v2\/media\/71624"}],"wp:attachment":[{"href":"https:\/\/zonaroja.com.mx\/index.php?rest_route=%2Fwp%2Fv2%2Fmedia&parent=72429"}],"wp:term":[{"taxonomy":"category","embeddable":true,"href":"https:\/\/zonaroja.com.mx\/index.php?rest_route=%2Fwp%2Fv2%2Fcategories&post=72429"},{"taxonomy":"post_tag","embeddable":true,"href":"https:\/\/zonaroja.com.mx\/index.php?rest_route=%2Fwp%2Fv2%2Ftags&post=72429"}],"curies":[{"name":"wp","href":"https:\/\/api.w.org\/{rel}","templated":true}]}}