{"id":72433,"date":"2024-09-14T12:45:00","date_gmt":"2024-09-14T18:45:00","guid":{"rendered":"https:\/\/zonaroja.com.mx\/?p=72433"},"modified":"2024-09-14T07:48:57","modified_gmt":"2024-09-14T13:48:57","slug":"autorizan-primeva-vacuna-contra-la-viruela-del-mono","status":"publish","type":"post","link":"https:\/\/zonaroja.com.mx\/?p=72433","title":{"rendered":"Autorizan primeva vacuna contra la \u201cViruela del mono\u201d"},"content":{"rendered":"\n<p>Redacci\u00f3n\/Zona Roja Cdmx.<\/p>\n\n\n\n<p>Ciudad de M\u00e9xico, a 14 de septiembre de 2024.- La Organizaci\u00f3n Mundial de la Salud (OMS) anunci\u00f3 el viernes la concesi\u00f3n de su primera autorizaci\u00f3n para el uso de una vacuna contra la \u201cViruela del mono\u201d en adultos, calific\u00e1ndolo como un paso importante en la lucha contra la enfermedad en \u00c1frica.<\/p>\n\n\n\n<p>La aprobaci\u00f3n de la vacuna de Bavarian Nordic A\/S significa que donantes como la alianza de vacunas Gavi y UNICEF pueden adquirirla. Pero los suministros son limitados porque solo hay un fabricante.<\/p>\n\n\n\n<p>\u201cEsta primera (autorizaci\u00f3n) de una vacuna contra la viruela s\u00edmica es un paso importante en nuestra lucha contra la enfermedad, tanto en el contexto de los brotes activos en \u00c1frica, como en el futuro\u201d, dijo el director general de la OMS, Tedros Adhanom Ghebreyesus.<\/p>\n\n\n\n<p>El jefe de la agencia sanitaria de Naciones Unidas pidi\u00f3 que aumenten \u201curgentemente\u201d la adquisici\u00f3n, las donaciones y el traslado para hacer que el f\u00e1rmaco llegue a donde m\u00e1s se necesita, junto con otras medidas de respuesta.<\/p>\n\n\n\n<p>Seg\u00fan la autorizaci\u00f3n de la OMS, la vacuna puede administrarse a mayores de 18 a\u00f1os con una pauta de dos dosis.&nbsp;<\/p>\n\n\n\n<p>La aprobaci\u00f3n indica que, aunque actualmente no est\u00e1 autorizada para menores de edad, podr\u00eda emplearse tambi\u00e9n en ni\u00f1os y adolescentes \u201cen contextos de brotes epid\u00e9micos donde los beneficios de la vacunaci\u00f3n superen a los posibles riesgos\u201d.<\/p>\n\n\n\n<p>Los Centros Africanos para el Control y Prevenci\u00f3n de Enfermedades dijeron el mes pasado que casi el 70 por ciento de los casos registrados en Rep\u00fablica Democr\u00e1tica de Congo \u2014 el pa\u00eds m\u00e1s afectado por la enfermedad \u2014 son en menores de 15 a\u00f1os, que tambi\u00e9n representaron el 85 por ciento de las muertes.<\/p>\n\n\n\n<p>En total, seg\u00fan la OMS, m\u00e1s de 120 pa\u00edses han confirmado un total de m\u00e1s de 103 mil casos de viruela del mono desde que el inicio del brote hace dos a\u00f1os. El \u00faltimo conteo, hasta el domingo, inclu\u00eda 723 muertos en m\u00e1s de una docena de pa\u00edses africanos a causa de la enfermedad.<\/p>\n\n\n\n<p>(Informaci\u00f3n de la agencia AP en \u201cEl Financiero\u201d)<\/p>\n","protected":false},"excerpt":{"rendered":"<p>Redacci\u00f3n\/Zona Roja Cdmx. Ciudad de M\u00e9xico, a 14 de septiembre de 2024.- La Organizaci\u00f3n Mundial&hellip;<\/p>\n","protected":false},"author":2,"featured_media":72434,"comment_status":"closed","ping_status":"open","sticky":false,"template":"","format":"standard","meta":{"_lmt_disableupdate":"","_lmt_disable":"","_jetpack_memberships_contains_paid_content":false,"footnotes":""},"categories":[109,46],"tags":[3161],"class_list":["post-72433","post","type-post","status-publish","format-standard","has-post-thumbnail","hentry","category-minuto-a-minuto","category-zona-blanca","tag-viruela-del-mono"],"jetpack_featured_media_url":"https:\/\/zonaroja.com.mx\/wp-content\/uploads\/2024\/09\/Vacuna-viruela-del-mono.jpeg","jetpack_sharing_enabled":true,"_links":{"self":[{"href":"https:\/\/zonaroja.com.mx\/index.php?rest_route=\/wp\/v2\/posts\/72433","targetHints":{"allow":["GET"]}}],"collection":[{"href":"https:\/\/zonaroja.com.mx\/index.php?rest_route=\/wp\/v2\/posts"}],"about":[{"href":"https:\/\/zonaroja.com.mx\/index.php?rest_route=\/wp\/v2\/types\/post"}],"author":[{"embeddable":true,"href":"https:\/\/zonaroja.com.mx\/index.php?rest_route=\/wp\/v2\/users\/2"}],"replies":[{"embeddable":true,"href":"https:\/\/zonaroja.com.mx\/index.php?rest_route=%2Fwp%2Fv2%2Fcomments&post=72433"}],"version-history":[{"count":1,"href":"https:\/\/zonaroja.com.mx\/index.php?rest_route=\/wp\/v2\/posts\/72433\/revisions"}],"predecessor-version":[{"id":72435,"href":"https:\/\/zonaroja.com.mx\/index.php?rest_route=\/wp\/v2\/posts\/72433\/revisions\/72435"}],"wp:featuredmedia":[{"embeddable":true,"href":"https:\/\/zonaroja.com.mx\/index.php?rest_route=\/wp\/v2\/media\/72434"}],"wp:attachment":[{"href":"https:\/\/zonaroja.com.mx\/index.php?rest_route=%2Fwp%2Fv2%2Fmedia&parent=72433"}],"wp:term":[{"taxonomy":"category","embeddable":true,"href":"https:\/\/zonaroja.com.mx\/index.php?rest_route=%2Fwp%2Fv2%2Fcategories&post=72433"},{"taxonomy":"post_tag","embeddable":true,"href":"https:\/\/zonaroja.com.mx\/index.php?rest_route=%2Fwp%2Fv2%2Ftags&post=72433"}],"curies":[{"name":"wp","href":"https:\/\/api.w.org\/{rel}","templated":true}]}}