{"id":72439,"date":"2024-09-14T11:58:00","date_gmt":"2024-09-14T17:58:00","guid":{"rendered":"https:\/\/zonaroja.com.mx\/?p=72439"},"modified":"2024-09-14T08:03:19","modified_gmt":"2024-09-14T14:03:19","slug":"realizan-en-oaxaca-segundo-congreso-de-las-juventudes","status":"publish","type":"post","link":"https:\/\/zonaroja.com.mx\/?p=72439","title":{"rendered":"Realizan en Oaxaca Segundo Congreso de las Juventudes\u00a0"},"content":{"rendered":"\n<p>Redacci\u00f3n\/Zona Roja.<\/p>\n\n\n\n<p>Oaxaca de Ju\u00e1rez, Oax., a 14 de septiembre de 2024.- Con la participaci\u00f3n de 25 congresistas juveniles de mayor\u00eda relativa y 17 de representaci\u00f3n proporcional, en la sede del Poder Legislativo de Oaxaca se realiz\u00f3 el Segundo Congreso de las Juventudes.&nbsp;<\/p>\n\n\n\n<p>El presidente de la Junta de Coordinaci\u00f3n Pol\u00edtica de la LXV Legislatura local, Sergio L\u00f3pez S\u00e1nchez, destac\u00f3 la importancia de que las y los j\u00f3venes participen en la vida pol\u00edtica de Oaxaca, ya que son ellos, el presente y futuro del estado y el pa\u00eds.&nbsp;<\/p>\n\n\n\n<p>Por lo cual, manifest\u00f3, que en el Congreso local siempre tendr\u00e1n las puertas abiertas para aportar ideas en beneficio de la sociedad.<\/p>\n\n\n\n<p>\u00abLa juventud es el mejor momento en la etapa de la vida para inculcar los valores democr\u00e1ticos, por el cual se rige nuestro actuar y hacer conciencia en ustedes de la importancia de participar de manera activa en la vida p\u00fablica. Esta es la forma que tenemos para coadyuvar en el engrandecimiento de nuestros pueblos\u00bb, expres\u00f3.&nbsp;<\/p>\n\n\n\n<p>Por su parte, el diputado Sesul Bola\u00f1os L\u00f3pez, presidente de la Comisi\u00f3n Permanente de Culturas, Artes, Juventud, Cultura F\u00edsica y Deporte, destac\u00f3 que las iniciativas de ley, reformas y puntos de acuerdo presentados por las y los diputados juveniles, fueron turnados a las diversas comisiones que conforman el Congreso local para su an\u00e1lisis y dictaminaci\u00f3n, para que, aquellas que sean viables, sean aprobadas por el Pleno del Congreso de Oaxaca.&nbsp;<\/p>\n\n\n\n<p>\u00abOjal\u00e1 j\u00f3venes se sigan esforzando, se sigan preparando, se sigan inmiscuyendo en los temas pol\u00edticos porque necesitamos escuchar voces diferentes, necesitamos un cambio generacional, tenemos que darle el espacio y la apertura a nuevos cuadros pol\u00edticos, a nuevas ideas, a nuevas formas de pensar\u00bb, declar\u00f3.<\/p>\n\n\n\n<p>La sesi\u00f3n de este Parlamento fue bajo la direcci\u00f3n de la Mesa Directiva, la cual estuvo conformada por el diputado juvenil con discapacidad visual, Sa\u00fal Farid Cruz Ram\u00edrez como presidente; se design\u00f3 como vicepresidenta a Jael Litzy M\u00e9ndez Pel\u00e1ez; como secretarias y secretarios se nombr\u00f3 a Diana Leticia Cano Antonio, Itzel Jarqu\u00edn Fuentes y Amir M\u00e1rquez Hern\u00e1ndez.<\/p>\n\n\n\n<p>Representando a los distritos por mayor\u00eda relativa fueron electas las diputadas y diputados, Inti Xamitl Audelo Ortega por San Felipe Jalapa de D\u00edaz; Carlos V\u00e1zquez Mateo por San Juan Bautista Tuxtepec; Diana Leticia Cano Antonio por Loma Bonita.&nbsp;<\/p>\n\n\n\n<p>Fidel Gonz\u00e1lez M\u00e9ndez por Teotitl\u00e1n de Flores Mag\u00f3n; Luis Antonio Robles Mendoza por Asunci\u00f3n Nochixtl\u00e1n; Marlene Viridiana Guzm\u00e1n Sandoval, de Huajuapan de Le\u00f3n; Camerino Antonio Eusebio Sarabia por Putla Villa de Guerrero; y Abril Alexandra Ortiz P\u00e9rez de Tlaxiaco.&nbsp;<\/p>\n\n\n\n<p>Karla Itzel L\u00f3pez Confesor por Ixtl\u00e1n de Ju\u00e1rez; Elizabeth Berenice R\u00edos Cruz por San Pedro y San Pablo Ayutla; Sammy Bel\u00e9n Clemente Urrutia por Mat\u00edas Romero; Ximena Franco Garc\u00eda por Santa Luc\u00eda del Camino; Amir M\u00e1rquez Hern\u00e1ndez por Oaxaca de Ju\u00e1rez; Braulio Salvador Cruz Z\u00e1rate por la Villa de Etla; Sa\u00fal Farid Cruz Ram\u00edrez por Santa Cruz Xoxocotl\u00e1n; Mois\u00e9s Gonz\u00e1lez L\u00f3pez por Zimatl\u00e1n de \u00c1lvarez; Guillermo Aldair Vel\u00e1zquez Ventura por Tlacolula de Matamoros.<\/p>\n\n\n\n<p>As\u00ed como Alejandro Demi\u00e1n Andr\u00e9s Z\u00e1rate por Santo Domingo Tehuantepec; Luis Alberto Torres Z\u00e1rate por Ciudad Ixtepec; Michel Nicol\u00e1s Manr\u00edquez Ferra por Juchit\u00e1n de Zaragoza; Teresa de Jes\u00fas Garc\u00eda L\u00f3pez por Ocotl\u00e1n de Morelos; Mar\u00eda Fernanda Ruiz Calvillo por Santiago Pinotepa Nacional; Casandra Ameli Carbajal D\u00edaz por Puerto Escondido; Jennifer Ivonne Mart\u00ednez Hern\u00e1ndez por Miahuatl\u00e1n de Porfirio D\u00edaz; Itzel Jarqu\u00edn Fuentes por San Pedro Pochutla. &nbsp;<\/p>\n\n\n\n<p>Como diputados de representaci\u00f3n proporcional fueron Jael Litzy M\u00e9ndez Pel\u00e1ez, Cruz Alexis P\u00e9rez Ticante, Diana Areli L\u00f3pez Garc\u00eda, Renata Garc\u00eda Arenas, Ver\u00f3nica Ramos Garc\u00eda, Francisco Luis Bustamante, \u00d3scar Dom\u00ednguez Alvarado, Abel Cruz Fuentes, Michelle Alarc\u00f3n Santiago, Luis Roberto Rey Reyes, Gisela Eritza Mart\u00ednez Juan, Brenda Azucena Cruz Ram\u00edrez, Natalia Sof\u00eda S\u00e1nchez Mej\u00eda, Melisa Ram\u00edrez Herrera, Elizabeth Mayra P\u00e9rez Elorza, Itzel Soledad Bautista L\u00f3pez y Karen Melisandra Caloca Caloca.<\/p>\n","protected":false},"excerpt":{"rendered":"<p>Redacci\u00f3n\/Zona Roja. Oaxaca de Ju\u00e1rez, Oax., a 14 de septiembre de 2024.- Con la participaci\u00f3n&hellip;<\/p>\n","protected":false},"author":2,"featured_media":72440,"comment_status":"closed","ping_status":"open","sticky":false,"template":"","format":"standard","meta":{"_lmt_disableupdate":"","_lmt_disable":"","_jetpack_memberships_contains_paid_content":false,"footnotes":""},"categories":[109,46],"tags":[2743],"class_list":["post-72439","post","type-post","status-publish","format-standard","has-post-thumbnail","hentry","category-minuto-a-minuto","category-zona-blanca","tag-65-legislatura-del-estado-de-oaxaca"],"jetpack_featured_media_url":"https:\/\/zonaroja.com.mx\/wp-content\/uploads\/2024\/09\/Legislatura-juvenil.jpg","jetpack_sharing_enabled":true,"_links":{"self":[{"href":"https:\/\/zonaroja.com.mx\/index.php?rest_route=\/wp\/v2\/posts\/72439","targetHints":{"allow":["GET"]}}],"collection":[{"href":"https:\/\/zonaroja.com.mx\/index.php?rest_route=\/wp\/v2\/posts"}],"about":[{"href":"https:\/\/zonaroja.com.mx\/index.php?rest_route=\/wp\/v2\/types\/post"}],"author":[{"embeddable":true,"href":"https:\/\/zonaroja.com.mx\/index.php?rest_route=\/wp\/v2\/users\/2"}],"replies":[{"embeddable":true,"href":"https:\/\/zonaroja.com.mx\/index.php?rest_route=%2Fwp%2Fv2%2Fcomments&post=72439"}],"version-history":[{"count":1,"href":"https:\/\/zonaroja.com.mx\/index.php?rest_route=\/wp\/v2\/posts\/72439\/revisions"}],"predecessor-version":[{"id":72441,"href":"https:\/\/zonaroja.com.mx\/index.php?rest_route=\/wp\/v2\/posts\/72439\/revisions\/72441"}],"wp:featuredmedia":[{"embeddable":true,"href":"https:\/\/zonaroja.com.mx\/index.php?rest_route=\/wp\/v2\/media\/72440"}],"wp:attachment":[{"href":"https:\/\/zonaroja.com.mx\/index.php?rest_route=%2Fwp%2Fv2%2Fmedia&parent=72439"}],"wp:term":[{"taxonomy":"category","embeddable":true,"href":"https:\/\/zonaroja.com.mx\/index.php?rest_route=%2Fwp%2Fv2%2Fcategories&post=72439"},{"taxonomy":"post_tag","embeddable":true,"href":"https:\/\/zonaroja.com.mx\/index.php?rest_route=%2Fwp%2Fv2%2Ftags&post=72439"}],"curies":[{"name":"wp","href":"https:\/\/api.w.org\/{rel}","templated":true}]}}