{"id":72443,"date":"2024-09-14T20:56:42","date_gmt":"2024-09-15T02:56:42","guid":{"rendered":"https:\/\/zonaroja.com.mx\/?p=72443"},"modified":"2024-09-14T20:56:44","modified_gmt":"2024-09-15T02:56:44","slug":"justicia-no-solo-es-aplicacion-de-la-ley-sino-busqueda-de-la-equidad-fiscal","status":"publish","type":"post","link":"https:\/\/zonaroja.com.mx\/?p=72443","title":{"rendered":"Justicia no s\u00f3lo es aplicaci\u00f3n de la ley, sino b\u00fasqueda de la equidad: fiscal"},"content":{"rendered":"\n<p>Redacci\u00f3n\/Zona Roja.<\/p>\n\n\n\n<p>Oaxaca de Ju\u00e1rez, Oax. 14 de septiembre de 2024.- La Fiscal\u00eda General del Estado de Oaxaca (FGEO) llev\u00f3 a cabo el izamiento de bandera en la Alameda capitalina, encabezado por el titular de este organismo aut\u00f3nomo, Bernardo Rodr\u00edguez Alamilla, como parte del programa c\u00edvico \u201cSeptiembre, mes de la Patria, mes de la Cuarta Transformaci\u00f3n\u201d.<\/p>\n\n\n\n<p>En este marco, el Fiscal General de Oaxaca afirm\u00f3 que, la conmemoraci\u00f3n de la lucha por la independencia de M\u00e9xico, nos recuerda que la justicia no solo es la aplicaci\u00f3n de la ley, sino la b\u00fasqueda de la equidad, y que esta demanda que ese impulso heredado del movimiento independentista sigue vigente en nuestro tiempo.<\/p>\n\n\n\n<p>\u201cHoy, al conmemorar un aniversario m\u00e1s de nuestra Independencia, renovamos nuestro compromiso con la justicia. Que nuestras acciones sean un homenaje vivo a quienes lucharon por nuestra libertad, y que nos impulsen a seguir construyendo un M\u00e9xico donde la justicia y la equidad sean una realidad palpable para todas y todos\u201d, indic\u00f3 Rodr\u00edguez Alamilla.<\/p>\n\n\n\n<p>Apunt\u00f3 que, a 214 a\u00f1os del inicio de la Independencia de M\u00e9xico y a 211 a\u00f1os de la proclamaci\u00f3n de los Sentimientos de la Naci\u00f3n, \u201cel pa\u00eds se encuentra en un proceso profundo de transformaci\u00f3n que se construye desde las propias instituciones, desde los tres Poderes, en un marco de estabilidad legal, de di\u00e1logo, y s\u00ed, tambi\u00e9n de discusi\u00f3n pol\u00edtica, de controversia, pero siempre priorizando el respeto a la diversidad de opiniones\u201d.<\/p>\n\n\n\n<p>Rodr\u00edguez Alamilla se\u00f1al\u00f3 que un ejemplo de la transformaci\u00f3n que vivimos es la Reforma Judicial recientemente aprobada, la cual constituye un paso fundamental hacia un sistema de justicia m\u00e1s equitativo y democr\u00e1tico en M\u00e9xico.<\/p>\n\n\n\n<p>Y se\u00f1al\u00f3 que la raz\u00f3n de ser de la Fiscal\u00eda, consiste en contribuir en la construcci\u00f3n de un Oaxaca seguro mediante una adecuada procuraci\u00f3n de justicia a todas aquellas personas que han sido afectadas por conductas delictivas.<\/p>\n\n\n\n<p>&nbsp;\u201cEn el \u00e1mbito de la procuraci\u00f3n de justicia, estamos obligados a coadyuvar en la construcci\u00f3n de un sistema que incorpore el enfoque de los derechos humanos, la perspectiva de g\u00e9nero, los derechos de las ni\u00f1as, ni\u00f1os y adolescentes, la diversidad sexual y la visi\u00f3n pluralista e intercultural de la justicia en M\u00e9xico\u201d.<\/p>\n\n\n\n<p>Como parte del protocolo, el Fiscal General llev\u00f3 a cabo el izamiento de Bandera Nacional en el asta de la Alameda de Le\u00f3n, acompa\u00f1ado por el coordinador general de la Agencia Estatal de Investigaciones (AEI), Jaciel V\u00e1squez Castro y la Fiscal Especializada para la Atenci\u00f3n a Delitos de Alto Impacto, Edith Morales Celaya, adem\u00e1s de elementos de la banda de guerra de la Polic\u00eda Estatal, el funcionariado de la FGEO y de la Agencia Estatal de Investigaciones (AEI), participaron del acto c\u00edvico.<\/p>\n","protected":false},"excerpt":{"rendered":"<p>Redacci\u00f3n\/Zona Roja. Oaxaca de Ju\u00e1rez, Oax. 14 de septiembre de 2024.- La Fiscal\u00eda General del&hellip;<\/p>\n","protected":false},"author":2,"featured_media":72444,"comment_status":"closed","ping_status":"open","sticky":false,"template":"","format":"standard","meta":{"_lmt_disableupdate":"","_lmt_disable":"","_jetpack_memberships_contains_paid_content":false,"footnotes":""},"categories":[109,46],"tags":[494],"class_list":["post-72443","post","type-post","status-publish","format-standard","has-post-thumbnail","hentry","category-minuto-a-minuto","category-zona-blanca","tag-fiscalia-general-del-estado-de-oaxaca"],"jetpack_featured_media_url":"https:\/\/zonaroja.com.mx\/wp-content\/uploads\/2024\/09\/Fiscalia-Bernardo-Rodriguez-izamiento-bandera.jpeg","jetpack_sharing_enabled":true,"_links":{"self":[{"href":"https:\/\/zonaroja.com.mx\/index.php?rest_route=\/wp\/v2\/posts\/72443","targetHints":{"allow":["GET"]}}],"collection":[{"href":"https:\/\/zonaroja.com.mx\/index.php?rest_route=\/wp\/v2\/posts"}],"about":[{"href":"https:\/\/zonaroja.com.mx\/index.php?rest_route=\/wp\/v2\/types\/post"}],"author":[{"embeddable":true,"href":"https:\/\/zonaroja.com.mx\/index.php?rest_route=\/wp\/v2\/users\/2"}],"replies":[{"embeddable":true,"href":"https:\/\/zonaroja.com.mx\/index.php?rest_route=%2Fwp%2Fv2%2Fcomments&post=72443"}],"version-history":[{"count":1,"href":"https:\/\/zonaroja.com.mx\/index.php?rest_route=\/wp\/v2\/posts\/72443\/revisions"}],"predecessor-version":[{"id":72445,"href":"https:\/\/zonaroja.com.mx\/index.php?rest_route=\/wp\/v2\/posts\/72443\/revisions\/72445"}],"wp:featuredmedia":[{"embeddable":true,"href":"https:\/\/zonaroja.com.mx\/index.php?rest_route=\/wp\/v2\/media\/72444"}],"wp:attachment":[{"href":"https:\/\/zonaroja.com.mx\/index.php?rest_route=%2Fwp%2Fv2%2Fmedia&parent=72443"}],"wp:term":[{"taxonomy":"category","embeddable":true,"href":"https:\/\/zonaroja.com.mx\/index.php?rest_route=%2Fwp%2Fv2%2Fcategories&post=72443"},{"taxonomy":"post_tag","embeddable":true,"href":"https:\/\/zonaroja.com.mx\/index.php?rest_route=%2Fwp%2Fv2%2Ftags&post=72443"}],"curies":[{"name":"wp","href":"https:\/\/api.w.org\/{rel}","templated":true}]}}