{"id":72446,"date":"2024-09-14T21:10:31","date_gmt":"2024-09-15T03:10:31","guid":{"rendered":"https:\/\/zonaroja.com.mx\/?p=72446"},"modified":"2024-09-14T21:10:33","modified_gmt":"2024-09-15T03:10:33","slug":"ejecutan-a-individuo-en-salina-cruz-en-san-blas-balearon-a-mujer","status":"publish","type":"post","link":"https:\/\/zonaroja.com.mx\/?p=72446","title":{"rendered":"Ejecutan a individuo en Salina Cruz; en San Blas balearon a mujer"},"content":{"rendered":"\n<p>Raymundo Morales\/Zona Roja.<\/p>\n\n\n\n<p>Oaxaca de Ju\u00e1rez, Oax., a 14 de septiembre de 2024.- En la v\u00edspera del Grito de la Independencia, un hombre fue asesinado a balazos, mientras que una mujer result\u00f3 lesionada, en el municipio de Salina Cruz.<\/p>\n\n\n\n<p>La agresi\u00f3n armada ocurri\u00f3 esta noche en la agencia de Bah\u00eda La Ventosa, donde perdi\u00f3 la vida un individuo identificado como Francisco R. L., mientras que una mujer result\u00f3 con graves lesiones.<\/p>\n\n\n\n<p>Hasta el momento se desconoce la identidad de los agresores, as\u00ed como el motivo del ataque; personal policiaco municipal, estatal y federal lleg\u00f3 a la zona pero una vez ocurridos los hechos.<\/p>\n\n\n\n<p>Pese a operativos de b\u00fasqueda, no fue posible detener al o a los delincuentes; personal de la Vicefiscal\u00eda Regional del Istmo inici\u00f3 las indagatorias correspondientes, con la finalidad de esclarecer el caso.<\/p>\n\n\n\n<p>Por otra parte, anoche en el municipio de San Blas Atempa fue atacada a balazos una femenina, quien fue trasladada a un hospital, donde a\u00fan convalece.<\/p>\n\n\n\n<p>Fue presuntamente en una fiesta en que fue atacada la mujer y a\u00fan se desconoce la identidad del agresor que, seg\u00fan sus familiares, pudo haber sido su pareja.<\/p>\n\n\n\n<p>Una ambulancia de la Cruz Roja Mexicana la traslad\u00f3 a un nosocomio; autoridades ministeriales confirmaron que presenta al menos tres impactos de arma de fuego, por lo que su estado de salud es delicado.<\/p>\n","protected":false},"excerpt":{"rendered":"<p>Raymundo Morales\/Zona Roja. Oaxaca de Ju\u00e1rez, Oax., a 14 de septiembre de 2024.- En la&hellip;<\/p>\n","protected":false},"author":2,"featured_media":72447,"comment_status":"closed","ping_status":"open","sticky":false,"template":"","format":"standard","meta":{"_lmt_disableupdate":"","_lmt_disable":"","_jetpack_memberships_contains_paid_content":false,"footnotes":""},"categories":[109,1,51],"tags":[4053],"class_list":["post-72446","post","type-post","status-publish","format-standard","has-post-thumbnail","hentry","category-minuto-a-minuto","category-sin-categoria","category-zona-roja","tag-asesinato-salina-cruz"],"jetpack_featured_media_url":"https:\/\/zonaroja.com.mx\/wp-content\/uploads\/2024\/09\/Ejecutado-en-Salina-cRuz.jpeg","jetpack_sharing_enabled":true,"_links":{"self":[{"href":"https:\/\/zonaroja.com.mx\/index.php?rest_route=\/wp\/v2\/posts\/72446","targetHints":{"allow":["GET"]}}],"collection":[{"href":"https:\/\/zonaroja.com.mx\/index.php?rest_route=\/wp\/v2\/posts"}],"about":[{"href":"https:\/\/zonaroja.com.mx\/index.php?rest_route=\/wp\/v2\/types\/post"}],"author":[{"embeddable":true,"href":"https:\/\/zonaroja.com.mx\/index.php?rest_route=\/wp\/v2\/users\/2"}],"replies":[{"embeddable":true,"href":"https:\/\/zonaroja.com.mx\/index.php?rest_route=%2Fwp%2Fv2%2Fcomments&post=72446"}],"version-history":[{"count":1,"href":"https:\/\/zonaroja.com.mx\/index.php?rest_route=\/wp\/v2\/posts\/72446\/revisions"}],"predecessor-version":[{"id":72448,"href":"https:\/\/zonaroja.com.mx\/index.php?rest_route=\/wp\/v2\/posts\/72446\/revisions\/72448"}],"wp:featuredmedia":[{"embeddable":true,"href":"https:\/\/zonaroja.com.mx\/index.php?rest_route=\/wp\/v2\/media\/72447"}],"wp:attachment":[{"href":"https:\/\/zonaroja.com.mx\/index.php?rest_route=%2Fwp%2Fv2%2Fmedia&parent=72446"}],"wp:term":[{"taxonomy":"category","embeddable":true,"href":"https:\/\/zonaroja.com.mx\/index.php?rest_route=%2Fwp%2Fv2%2Fcategories&post=72446"},{"taxonomy":"post_tag","embeddable":true,"href":"https:\/\/zonaroja.com.mx\/index.php?rest_route=%2Fwp%2Fv2%2Ftags&post=72446"}],"curies":[{"name":"wp","href":"https:\/\/api.w.org\/{rel}","templated":true}]}}