{"id":72449,"date":"2024-09-15T07:06:53","date_gmt":"2024-09-15T13:06:53","guid":{"rendered":"https:\/\/zonaroja.com.mx\/?p=72449"},"modified":"2024-09-15T07:06:55","modified_gmt":"2024-09-15T13:06:55","slug":"todo-listo-para-las-fiestas-patrias-en-oaxaca-garantizan-seguridad","status":"publish","type":"post","link":"https:\/\/zonaroja.com.mx\/?p=72449","title":{"rendered":"Todo listo para las fiestas patrias en Oaxaca; garantizan seguridad"},"content":{"rendered":"\n<p>Raymundo Morales\/Zona Roja.<\/p>\n\n\n\n<p>Oaxaca de Ju\u00e1rez, Oax., a 15 de septiembre de 2024.- En Oaxaca todo se encuentra listo para la celebraci\u00f3n de las fiestas patrias y, de acuerdo con el gobierno estatal, hay garant\u00edas de seguridad.<\/p>\n\n\n\n<p>A trav\u00e9s de la Secretar\u00eda General de Gobierno, inform\u00f3 que la conmemoraci\u00f3n del 124 aniversario de la Independencia de M\u00e9xico, est\u00e1 garantizada y se realizar\u00e1n en un marco de paz y gobernabilidad.&nbsp;<\/p>\n\n\n\n<p>A\u00f1adi\u00f3 que el estado goza de las condiciones propicias gracias a las acciones que emprende la administraci\u00f3n del gobernador Salom\u00f3n Jara Cruz.&nbsp;<\/p>\n\n\n\n<p>En el caso de los municipios, existen algunos de atenci\u00f3n prioritaria donde se trabaja para fortalecer la seguridad, como lo son aquellos que se ubican en la regi\u00f3n del Istmo de Tehuantepec, particularmente Mat\u00edas Romero, Santo Domingo Petapa, Santa Mar\u00eda Petapa, Juchit\u00e1n de Zaragoza y Salina Cruz; as\u00ed como en la regi\u00f3n de la Costa con San Pedro Mixtepec, donde se localiza la zona tur\u00edstica.&nbsp;<\/p>\n\n\n\n<p>En materia de gobernabilidad, al momento, \u00fanicamente en Zapotitl\u00e1n Palmas la ceremonia del grito no se llevar\u00e1 a cabo en el palacio, derivado del conflicto intermunicipal que se vive en esta poblaci\u00f3n, sin embargo, existe la posibilidad de que \u00e9ste se realice en otra sede.<\/p>\n\n\n\n<p>LA SEGURIDAD<\/p>\n\n\n\n<p>La Secretar\u00eda de Seguridad y Protecci\u00f3n Ciudadana (SSPC) present\u00f3 el despliegue y la orden general de operaciones para dar cobertura con servicios de prevenci\u00f3n y vigilancia a las actividades programadas con motivo de la celebraci\u00f3n de las Fiestas Patrias 2024.<\/p>\n\n\n\n<p>El despliegue ser\u00e1 integrado por al menos 85 veh\u00edculos entre patrullas y unidades de auxilio y 504 integrantes de la Polic\u00eda Estatal, Polic\u00eda Vial Estatal y la Polic\u00eda Auxiliar, Bancaria, Industrial y Comercial (PABIC), al igual que del Heroico Cuerpo de Bomberos de Oaxaca (HCBO) en colaboraci\u00f3n con la Fiscal\u00eda General del Estado de Oaxaca (FGEO) y la Polic\u00eda Municipal de Oaxaca de Ju\u00e1rez&nbsp;<\/p>\n\n\n\n<p>Cabe destacar que, con motivo de la verbena popular que tendr\u00e1 lugar el domingo 15 de septiembre, desde las 11:00 horas la zona destinada ser\u00e1 delimitada con vallas que se pondr\u00e1n en el primer cuadro de la ciudad capital; estableciendo entradas y salidas.&nbsp;<\/p>\n\n\n\n<p>El acceso ser\u00e1 por las calles de Bustamante, Flores Mag\u00f3n, Macedonio Alcal\u00e1 y Manuel Garc\u00eda Vigil; en tanto que las salidas estar\u00e1n ubicadas en las calles de Vicente Guerrero, Valerio Trujano, Hidalgo con Valdivieso e Hidalgo con Porfirio D\u00edaz.&nbsp;<\/p>\n\n\n\n<p>Las fuerzas policiales se mantendr\u00e1n atentas a cualquier eventualidad reportada durante los patrullajes y por medio de los Servicios de Emergencias (9-1-1) y Denuncia An\u00f3nima (089), por lo que la SSPC invita a la ciudadan\u00eda a atender las indicaciones del personal de seguridad, as\u00ed como evitar el ingreso de cualquier tipo de arma u objeto contundente para hacer posible la sana convivencia de todas y todos.<\/p>\n\n\n\n<p>EL GRITO<\/p>\n\n\n\n<p>Este domingo 15 de septiembre se realizar\u00e1 la tradicional Marcha Patri\u00f3tica previo al Grito de Independencia desde el Palacio de Gobierno.<\/p>\n\n\n\n<p>Este acto que emula el Inicio de la Independencia de M\u00e9xico en 1810 cuando el cura Miguel Hidalgo llam\u00f3 al pueblo a levantarse en armas, estar\u00e1 encabezada por autoridades del Municipio de Oaxaca de Ju\u00e1rez.<\/p>\n\n\n\n<p>Esta actividad, \u00fanica en todo el pa\u00eds, iniciar\u00e1 a partir de las 22:15 horas desde avenida Independencia esquina con la calle Mier y Ter\u00e1n, avanzar\u00e1 hasta llegar a la calle Doctor Aurelio Valdivieso, para integrarse al Portal de Claver\u00eda y recorrer los portales Las Flores, del Palacio y Mercaderes, para terminar en la esquina de las calles Miguel Hidalgo y Doctor Aurelio Valdivieso.<\/p>\n\n\n\n<p>Cabe destacar la Marcha Patri\u00f3tica est\u00e1 tambi\u00e9n integrada por los contingentes que por la ma\u00f1ana participaron en el Desfile de Banderas, el cual iniciar\u00e1 a las 7:45 horas frente a la Catedral Metropolitana sobre avenida Independencia, subir\u00e1 en contrasentido por la calle Garc\u00eda Vigil, y recorrer\u00e1 la avenida Jos\u00e9 Mar\u00eda Morelos hasta finalizar en la Plaza de la Danza.<\/p>\n\n\n\n<p>En el balc\u00f3n principal del Palacio de Gobierno, alrededor de las 23:00 horas el titular del Poder Ejecutivo, Salom\u00f3n Jara Cruz, dar\u00e1 el tradicional Grito de Independencia, en segundo en su sexenio.<\/p>\n\n\n\n<p>EL DESFILE<\/p>\n\n\n\n<p>Con respecto al desfile c\u00edvico-militar de este lunes 16 de septiembre, detall\u00f3 que por vez primera contar\u00e1 con una nueva ruta para hacer part\u00edcipe a la sociedad en general de este fervor patrio.<\/p>\n\n\n\n<p>El recorrido iniciar\u00e1 a partir de las 10:00 horas desde el parque Ju\u00e1rez \u201cEl Llano\u201d, para terminar frente a la Catedral Metropolitana.<\/p>\n\n\n\n<p>Cabe destacar que previo al desfile, se llevar\u00e1 a cabo la ceremonia conmemorativa del Inicio de la Independencia, frente a la efigie de Miguel Hidalgo y Costilla, ubicada en el jard\u00edn \u201cGuadalupe\u201d, por lo que posteriormente, las autoridades y representantes de los tres Poderes del Estado y mandos militares se trasladar\u00e1n al templete que se colocar\u00e1 a un costado del parque Ju\u00e1rez para recibir el saludo de los contingentes.<\/p>\n\n\n\n<p>Una vez que inicie el recorrido desde este punto, los contingentes que participar\u00e1n en el desfile c\u00edvico avanzar\u00e1n sobre avenida Benito Ju\u00e1rez, y doblar\u00e1n en contrasentido sobre avenida Independencia, para terminar frente a la Catedral Metropolitana.<\/p>\n\n\n\n<p>CORTES VIALES<\/p>\n\n\n\n<p>Para resguardar la integridad de las personas que participen, la Polic\u00eda Vial realizar\u00e1 cortes viales desde el crucero de Fonapas, y las calles Margarita Maza, Jacobo Dalevuelta, el contorno del jard\u00edn Conzzati, avenida Ju\u00e1rez, calle Reforma, avenida Independencia y J.P. Garc\u00eda.<\/p>\n","protected":false},"excerpt":{"rendered":"<p>Raymundo Morales\/Zona Roja. Oaxaca de Ju\u00e1rez, Oax., a 15 de septiembre de 2024.- En Oaxaca&hellip;<\/p>\n","protected":false},"author":2,"featured_media":72450,"comment_status":"closed","ping_status":"open","sticky":false,"template":"","format":"standard","meta":{"_lmt_disableupdate":"","_lmt_disable":"","_jetpack_memberships_contains_paid_content":false,"footnotes":""},"categories":[109,46],"tags":[],"class_list":["post-72449","post","type-post","status-publish","format-standard","has-post-thumbnail","hentry","category-minuto-a-minuto","category-zona-blanca"],"jetpack_featured_media_url":"https:\/\/zonaroja.com.mx\/wp-content\/uploads\/2024\/09\/Fiestas-patrias.jpeg","jetpack_sharing_enabled":true,"_links":{"self":[{"href":"https:\/\/zonaroja.com.mx\/index.php?rest_route=\/wp\/v2\/posts\/72449","targetHints":{"allow":["GET"]}}],"collection":[{"href":"https:\/\/zonaroja.com.mx\/index.php?rest_route=\/wp\/v2\/posts"}],"about":[{"href":"https:\/\/zonaroja.com.mx\/index.php?rest_route=\/wp\/v2\/types\/post"}],"author":[{"embeddable":true,"href":"https:\/\/zonaroja.com.mx\/index.php?rest_route=\/wp\/v2\/users\/2"}],"replies":[{"embeddable":true,"href":"https:\/\/zonaroja.com.mx\/index.php?rest_route=%2Fwp%2Fv2%2Fcomments&post=72449"}],"version-history":[{"count":1,"href":"https:\/\/zonaroja.com.mx\/index.php?rest_route=\/wp\/v2\/posts\/72449\/revisions"}],"predecessor-version":[{"id":72451,"href":"https:\/\/zonaroja.com.mx\/index.php?rest_route=\/wp\/v2\/posts\/72449\/revisions\/72451"}],"wp:featuredmedia":[{"embeddable":true,"href":"https:\/\/zonaroja.com.mx\/index.php?rest_route=\/wp\/v2\/media\/72450"}],"wp:attachment":[{"href":"https:\/\/zonaroja.com.mx\/index.php?rest_route=%2Fwp%2Fv2%2Fmedia&parent=72449"}],"wp:term":[{"taxonomy":"category","embeddable":true,"href":"https:\/\/zonaroja.com.mx\/index.php?rest_route=%2Fwp%2Fv2%2Fcategories&post=72449"},{"taxonomy":"post_tag","embeddable":true,"href":"https:\/\/zonaroja.com.mx\/index.php?rest_route=%2Fwp%2Fv2%2Ftags&post=72449"}],"curies":[{"name":"wp","href":"https:\/\/api.w.org\/{rel}","templated":true}]}}