{"id":72458,"date":"2024-09-15T10:31:00","date_gmt":"2024-09-15T16:31:00","guid":{"rendered":"https:\/\/zonaroja.com.mx\/?p=72458"},"modified":"2024-09-15T07:32:50","modified_gmt":"2024-09-15T13:32:50","slug":"por-inseguridad-varios-municipios-del-pais-suspenden-grito","status":"publish","type":"post","link":"https:\/\/zonaroja.com.mx\/?p=72458","title":{"rendered":"Por inseguridad, varios municipios del pa\u00eds suspenden Grito"},"content":{"rendered":"\n<p>Redacci\u00f3n\/Zona Roja Cdmx.<\/p>\n\n\n\n<p>Ciudad de M\u00e9xico, a 15 de septiembre de 2024.- Varios municipios de al menos seis estados han suspendidos los festejos patrios de septiembre, principalmente por&nbsp;temas de inseguridad.<\/p>\n\n\n\n<p>En Sinaloa, entidad que vive esta semana una ola de violencia entre grupos del narcotr\u00e1fico, fueron suspendidas las celebraciones en Ahome, San Ignacio, Concordia, Cosal\u00e1, Elota y Culiac\u00e1n.<\/p>\n\n\n\n<p>Los municipios de San Dimas y Tamazula, en Durango, tambi\u00e9n decidieron cancelar las celebraciones patrias, con el objetivo de proteger a la poblaci\u00f3n, ante la cercan\u00eda con Sinaloa.<\/p>\n\n\n\n<p>En Nuevo Le\u00f3n, por circunstancias excepcionales se decidieron suspender los festejos en Galeana, General Zaragoza, Doctor Coss y Los Aldama. En Rayones&nbsp;se cancelaron por falta de recursos y en Los Herrera se decidi\u00f3 suspender el desfile.<\/p>\n\n\n\n<p>Tambi\u00e9n habr\u00e1 suspensi\u00f3n de celebraciones patrias en Cotija, Michoac\u00e1n, debido a que no existen las condiciones \u00f3ptimas para realizarlas.<\/p>\n\n\n\n<p>En Chiapas, 12 municipios tuvieron que cancelar las fiestas patrias por la violencia que se vive en dichas regiones dede hace algunos meses.<\/p>\n\n\n\n<p>Se trata de&nbsp;Frontera Comalapa, Chicomuselo, La Grandeza, Bellavista, Siltepec, El Porvenir, Motozintla, Bejucal de Ocampo, Mazapa de Madero, Amatenango de la Frontera, Pantelh\u00f3 y Altamirano.<\/p>\n\n\n\n<p>En Guanajuato, el municipio de Comonfort tambi\u00e9n decidi\u00f3 suspender los festejos debido a la violencia desatada en la regi\u00f3n desde inicios de septiembre.<\/p>\n\n\n\n<p>(Con informaci\u00f3n de N+, en L\u00f3pez-D\u00f3riga Digital)<\/p>\n","protected":false},"excerpt":{"rendered":"<p>Redacci\u00f3n\/Zona Roja Cdmx. Ciudad de M\u00e9xico, a 15 de septiembre de 2024.- Varios municipios de&hellip;<\/p>\n","protected":false},"author":2,"featured_media":64184,"comment_status":"closed","ping_status":"open","sticky":false,"template":"","format":"standard","meta":{"_lmt_disableupdate":"","_lmt_disable":"","_jetpack_memberships_contains_paid_content":false,"footnotes":""},"categories":[109,47],"tags":[1746],"class_list":["post-72458","post","type-post","status-publish","format-standard","has-post-thumbnail","hentry","category-minuto-a-minuto","category-zona-gris","tag-violencia-en-mexico"],"jetpack_featured_media_url":"https:\/\/zonaroja.com.mx\/wp-content\/uploads\/2024\/01\/Crimen-violencia-escena.jpeg","jetpack_sharing_enabled":true,"_links":{"self":[{"href":"https:\/\/zonaroja.com.mx\/index.php?rest_route=\/wp\/v2\/posts\/72458","targetHints":{"allow":["GET"]}}],"collection":[{"href":"https:\/\/zonaroja.com.mx\/index.php?rest_route=\/wp\/v2\/posts"}],"about":[{"href":"https:\/\/zonaroja.com.mx\/index.php?rest_route=\/wp\/v2\/types\/post"}],"author":[{"embeddable":true,"href":"https:\/\/zonaroja.com.mx\/index.php?rest_route=\/wp\/v2\/users\/2"}],"replies":[{"embeddable":true,"href":"https:\/\/zonaroja.com.mx\/index.php?rest_route=%2Fwp%2Fv2%2Fcomments&post=72458"}],"version-history":[{"count":1,"href":"https:\/\/zonaroja.com.mx\/index.php?rest_route=\/wp\/v2\/posts\/72458\/revisions"}],"predecessor-version":[{"id":72459,"href":"https:\/\/zonaroja.com.mx\/index.php?rest_route=\/wp\/v2\/posts\/72458\/revisions\/72459"}],"wp:featuredmedia":[{"embeddable":true,"href":"https:\/\/zonaroja.com.mx\/index.php?rest_route=\/wp\/v2\/media\/64184"}],"wp:attachment":[{"href":"https:\/\/zonaroja.com.mx\/index.php?rest_route=%2Fwp%2Fv2%2Fmedia&parent=72458"}],"wp:term":[{"taxonomy":"category","embeddable":true,"href":"https:\/\/zonaroja.com.mx\/index.php?rest_route=%2Fwp%2Fv2%2Fcategories&post=72458"},{"taxonomy":"post_tag","embeddable":true,"href":"https:\/\/zonaroja.com.mx\/index.php?rest_route=%2Fwp%2Fv2%2Ftags&post=72458"}],"curies":[{"name":"wp","href":"https:\/\/api.w.org\/{rel}","templated":true}]}}