{"id":72460,"date":"2024-09-15T12:00:00","date_gmt":"2024-09-15T18:00:00","guid":{"rendered":"https:\/\/zonaroja.com.mx\/?p=72460"},"modified":"2024-09-15T07:35:21","modified_gmt":"2024-09-15T13:35:21","slug":"opinion-lo-que-dejo-la-reforma","status":"publish","type":"post","link":"https:\/\/zonaroja.com.mx\/?p=72460","title":{"rendered":"Opini\u00f3n. Lo que dej\u00f3 la reforma\u00a0"},"content":{"rendered":"\n<p>Soledad Jarqu\u00edn Edgar*\/SemM\u00e9xico<\/p>\n\n\n\n<p>No s\u00e9 que siga, no tengo idea si la reforma judicial resolver\u00e1 el grave problema de impunidad en el que vivimos hoy, pero si me queda claro que nos demostraron una vez m\u00e1s, qui\u00e9nes son las y los pol\u00edticos de este pa\u00eds y para qu\u00e9 sirve el poder. Lejos de la democracia, vimos la adoraci\u00f3n de un dios-humano, al que cada tanto pasean por la plaza, levantado en hombros y al que se le ofrecen v\u00edtores y sacrificios.<\/p>\n\n\n\n<p>Ya lo ve\u00edamos venir. Desde la conformaci\u00f3n de la C\u00e1mara de Diputados y del Senado de la Rep\u00fablica, la mayor\u00eda calificada de Morena har\u00eda muy f\u00e1cil la tarea de cumplir el deseo de Andr\u00e9s Manuel L\u00f3pez Obrador, que hace honor a su sobrenombre: El Mec\u00edas, convertido en un reformador para tener un plus m\u00e1s en la historia que habr\u00e1 de contarle a sus nietos y que espera se escriba en los libros. Pero qu\u00e9 necesidad, como dice la canci\u00f3n.<\/p>\n\n\n\n<p>A r\u00edo revuelto la ganancia es para quien sabe pescar y tiene m\u00e1s artes de pesca. Eso fue lo que hizo posible la reforma judicial, que como en una pel\u00edcula nos dej\u00f3 ir por un t\u00fanel del tiempo hacia el pasado, que nos hab\u00edan dicho se hab\u00eda ido, pero que nos llev\u00f3 al lado oscuro de la pol\u00edtica, que \u00a1eureka! no cambi\u00f3, m\u00e1s bien se perfeccion\u00f3 en ma\u00f1as. Reitero \u00bfera necesario?<\/p>\n\n\n\n<p>Sin duda en este pa\u00eds nadie o casi nadie, para no equivocarme, puede meter las manos al fuego por quienes tienen el poder de inclinar la balanza de la se\u00f1ora justicia. Los yerros son muchos y sus efectos demoledores. Hace unos d\u00edas una jueza en el Estado de M\u00e9xico conden\u00f3 a una mujer a 40 a\u00f1os de prisi\u00f3n por una supuesta extorsi\u00f3n, la mujer que no cont\u00f3 con una asesor\u00eda jur\u00eddica adecuada, no pudo demostrar que no era extorsi\u00f3n, sino el cobro de una tanda.&nbsp;<\/p>\n\n\n\n<p>Ese es solo un caso, pero son cientos, algunos peores y m\u00e1s terribles. Abusos de poder para proteger a pol\u00edticos de todos los partidos a lo largo de la historia mexicana, para encubrir a jueces y magistrados mis\u00f3ginos, machistas que cometen lo que hoy denominamos violencia vicaria, violadores, acosadores y un largo etc\u00e9tera de abusos de poder.<\/p>\n\n\n\n<p>As\u00ed que solo se trataba de tirar la red y algo m\u00e1s para capturar peces gordos, los \u201cYunes\u201d son los \u00faltimos de una larga lista, pero antes estuvo Manuel Bartlett, Eruviel \u00c1vila, Alejandro Murat, Adri\u00e1n Ruvalcaba, Nuvia Mayorga, Jorge Carlos Ram\u00edrez Mar\u00edn, Jos\u00e9 Sabino Herrera y Araceli Saucedo (estos dos \u00faltimos senadores del PRD) y otros muchos de menor renombre.<\/p>\n\n\n\n<p>Surrealismo, locura y algo m\u00e1s. Gerardo Fern\u00e1ndez Noro\u00f1a indignado por la llegada de manifestantes, que evidentemente dejaron entrar, al pleno del Senado, mientras a nuestra memoria ven\u00eda las sillas o vallas lanzadas por el ahora Senador cuando el poder le era ajeno y hac\u00eda el papel que ahora repudia, protestar. Y los impresentables de siempre, como los arriba mencionados o los l\u00edderes del PAN y del PRI, Marko Cort\u00e9s y Alejandro Moreno que, perdidos en sus luchas internas, lo que realmente perdieron fue la mirada en la tormenta que se avecinaba. Hicieron presencia, balbucearon y lamentaron, solo eso, no hubo m\u00e1s, son incapaces de algo m\u00e1s.&nbsp;<\/p>\n\n\n\n<p>Lo que observamos la tarde noche de martes y en las primeras horas de este mi\u00e9rcoles, fue esa especie de pesadilla, una pir\u00e1mide de arena que se desmoron\u00f3 y que nos devolvi\u00f3 a los viejos tiempos de la hegemon\u00eda priista. Mi abuela dec\u00eda que lo que mas te choca m\u00e1s te persigue. As\u00ed a don Andr\u00e9s Manuel que tanto le chocaban los priistas hoy est\u00e1n frente a \u00e9l, inclinados, redimidos y salvados\u2026perdonados.<\/p>\n\n\n\n<p>Por la ma\u00f1ana de este mi\u00e9rcoles lo que ten\u00edamos en las manos era esa realidad de un sistema pol\u00edtico que no ha cambiado y que para perfeccionarse aplic\u00f3 aquello de que para que la cu\u00f1a apriete tiene que ser del mismo palo.<\/p>\n\n\n\n<p>En Oaxaca, dos horas despu\u00e9s, es decir, a eso de las cinco de la ma\u00f1ana de este mi\u00e9rcoles, se aprob\u00f3 la minuta enviada por el Congreso de la Uni\u00f3n de la reforma constitucional al poder judicial. El cierre con broche de oro para una LXV Legislatura gris y marcada por el origen raro y con olor f\u00e9tido por la procedencia de algunos de sus integrantes. Un tema del que poco o nada se habla.<\/p>\n\n\n\n<p>Como hacia mucho tiempo no se ve\u00eda a los 41 integrantes juntos, llegaron hasta los regularmente faltistas. las y los legisladores fueron citados a las 12 de la noche en el recinto parlamentario de San Raymundo Jalp\u00e1n, a las 4.30 de la madrugada ya en sus curules en cosa de seis minutos, en sesi\u00f3n extraordinaria, dijeron s\u00ed a la reforma del poder judicial. No hubo intervenciones en tribuna, lo que hicieron fue cumplir con el tr\u00e1mite ordenado.<\/p>\n\n\n\n<p>El gran logro del legislativo oaxaque\u00f1o es que fueron los primeros en aprobar la minuta. Y lo relativamente extraordinario fue que todos y todas del PRI, PAN, PRD, PT, PVEM, PUP, PNA y el ex panista independiente votaron a favor. Eso claro cost\u00f3 a Natividad D\u00edaz Jim\u00e9nez ser expulsada, junto con los \u201cyunes\u201d del PAN. Aunque quiz\u00e1 le hicieron un favor, as\u00ed la ahora expulsada del PAN qued\u00f3 bien con el dios AMLO y con el diablo su compadre Alejandro Murat, porque bien dec\u00eda mi abuela Lucha, Dios los hace y ellos se juntan.<\/p>\n\n\n\n<p>*Periodista y activista feminista.<\/p>\n","protected":false},"excerpt":{"rendered":"<p>Soledad Jarqu\u00edn Edgar*\/SemM\u00e9xico No s\u00e9 que siga, no tengo idea si la reforma judicial resolver\u00e1&hellip;<\/p>\n","protected":false},"author":2,"featured_media":68029,"comment_status":"closed","ping_status":"open","sticky":false,"template":"","format":"standard","meta":{"_lmt_disableupdate":"","_lmt_disable":"","_jetpack_memberships_contains_paid_content":false,"footnotes":""},"categories":[456,109],"tags":[1105],"class_list":["post-72460","post","type-post","status-publish","format-standard","has-post-thumbnail","hentry","category-columna","category-minuto-a-minuto","tag-soledad-jarquin-edgar"],"jetpack_featured_media_url":"https:\/\/zonaroja.com.mx\/wp-content\/uploads\/2024\/05\/Soledad-Jarquin-Edgar.jpg","jetpack_sharing_enabled":true,"_links":{"self":[{"href":"https:\/\/zonaroja.com.mx\/index.php?rest_route=\/wp\/v2\/posts\/72460","targetHints":{"allow":["GET"]}}],"collection":[{"href":"https:\/\/zonaroja.com.mx\/index.php?rest_route=\/wp\/v2\/posts"}],"about":[{"href":"https:\/\/zonaroja.com.mx\/index.php?rest_route=\/wp\/v2\/types\/post"}],"author":[{"embeddable":true,"href":"https:\/\/zonaroja.com.mx\/index.php?rest_route=\/wp\/v2\/users\/2"}],"replies":[{"embeddable":true,"href":"https:\/\/zonaroja.com.mx\/index.php?rest_route=%2Fwp%2Fv2%2Fcomments&post=72460"}],"version-history":[{"count":1,"href":"https:\/\/zonaroja.com.mx\/index.php?rest_route=\/wp\/v2\/posts\/72460\/revisions"}],"predecessor-version":[{"id":72461,"href":"https:\/\/zonaroja.com.mx\/index.php?rest_route=\/wp\/v2\/posts\/72460\/revisions\/72461"}],"wp:featuredmedia":[{"embeddable":true,"href":"https:\/\/zonaroja.com.mx\/index.php?rest_route=\/wp\/v2\/media\/68029"}],"wp:attachment":[{"href":"https:\/\/zonaroja.com.mx\/index.php?rest_route=%2Fwp%2Fv2%2Fmedia&parent=72460"}],"wp:term":[{"taxonomy":"category","embeddable":true,"href":"https:\/\/zonaroja.com.mx\/index.php?rest_route=%2Fwp%2Fv2%2Fcategories&post=72460"},{"taxonomy":"post_tag","embeddable":true,"href":"https:\/\/zonaroja.com.mx\/index.php?rest_route=%2Fwp%2Fv2%2Ftags&post=72460"}],"curies":[{"name":"wp","href":"https:\/\/api.w.org\/{rel}","templated":true}]}}