{"id":72468,"date":"2024-09-15T18:23:20","date_gmt":"2024-09-16T00:23:20","guid":{"rendered":"https:\/\/zonaroja.com.mx\/?p=72468"},"modified":"2024-09-15T18:23:21","modified_gmt":"2024-09-16T00:23:21","slug":"refuerzan-operativos-de-seguridad-en-la-costa-y-el-istmo","status":"publish","type":"post","link":"https:\/\/zonaroja.com.mx\/?p=72468","title":{"rendered":"Refuerzan operativos de seguridad en la Costa y el Istmo"},"content":{"rendered":"\n<p>Redacci\u00f3n\/Zona Roja.&nbsp;<\/p>\n\n\n\n<p>Oaxaca de Ju\u00e1rez, Oax., a 15 septiembre de 2024.- La Fiscal\u00eda General del Estado de Oaxaca toma parte y coordina una serie de operativos que se realizan de manera simult\u00e1nea en la regi\u00f3n de la Costa e Istmo de Tehuantepec, actividades implementadas para mantener la paz social en el interior de la entidad, por ello, se llevan a cabo filtros de seguridad y patrullajes en estas zonas consideradas de alta prioridad dentro de la estrategia de seguridad estatal.<\/p>\n\n\n\n<p>El organismo procurador de justicia detall\u00f3 que el operativo es una acci\u00f3n conjunta en la que participan elementos de la Agencia Estatal de Investigaciones (AEI), as\u00ed como de la Polic\u00eda Estatal de la Secretar\u00eda de Seguridad P\u00fablica y Protecci\u00f3n Ciudadana, adem\u00e1s de la Guardia Nacional, la Secretar\u00eda de la Defensa Nacional (SEDENA)&nbsp; y la Secretar\u00eda de la Marina (SEMAR).<\/p>\n\n\n\n<p>Adem\u00e1s, el operativo se realiza de forma simult\u00e1nea en la Costa e Istmo, esto con la finalidad de inhibir, combatir y minimizar la comisi\u00f3n de delitos en estas regiones del estado, por lo que se recorren diversos municipios.<\/p>\n\n\n\n<p>Respecto a la regi\u00f3n de la Costa, los municipios en los que se implementa este operativo son: Santiago Pinotepa Nacional, San Jos\u00e9 del Progreso, Santa Rosa de Lima, R\u00edo Grande, Bajos de Chila, Santa Mar\u00eda Colotepec, Santa Mar\u00eda Tonameca, Santo Domingo de Morelos y San Pedro Pochutla.<\/p>\n\n\n\n<p>Mientras que, en la regi\u00f3n del Istmo de Tehuantepec, las acciones se implementan en los municipios de Juchit\u00e1n de Zaragoza, adem\u00e1s de la zona que abarca el crucero Estaci\u00f3n Mogo\u00f1\u00e9 a San Juan Guichicovi, tambi\u00e9n se recorrieron barrios y colonias de Mat\u00edas Romero, entre ellos el barrio de Santo Domingo Petapa y Lagunas.<\/p>\n\n\n\n<p>La Fiscal\u00eda General del Estado de Oaxaca resalt\u00f3 que durante este operativo conjunto y simult\u00e1neo se realizan cateos en \u00e1reas prioritarias, como parte de los resultados obtenidos gracias a los trabajos de inteligencia criminal que se han realizado en la zona.<\/p>\n\n\n\n<p>Las acciones implementadas permitir\u00e1n ampliar la colaboraci\u00f3n interinstitucional con el objetivo de fortalecer la seguridad p\u00fablica y garantizar la paz social a trav\u00e9s del despliegue operativo en la zona, el cual est\u00e1 activo entre el 13 y el 16 de septiembre,&nbsp; tiempo en el que estos equipos multidisciplinarios estar\u00e1n laborando de manera coordinada.<\/p>\n\n\n\n<p>La Fiscal\u00eda de Oaxaca explic\u00f3 que, realizar operaciones conjuntas con otras instituciones de seguridad p\u00fablica de diferentes niveles de gobierno permite brindar a la poblaci\u00f3n certeza respecto a las condiciones de seguridad y procuraci\u00f3n de justicia, especialmente durante la celebraci\u00f3n de la Independencia de M\u00e9xico.<\/p>\n\n\n\n<p>Finalmente, refrend\u00f3 su compromiso con procurar procesos de justicia diligentes y adecuados que permita brindar resultados a la ciudadan\u00eda a trav\u00e9s de acercar servicios integrales que den certeza de los procesos de investigaci\u00f3n, adem\u00e1s mantiene su compromiso con coadyuvar en la construcci\u00f3n de una entidad m\u00e1s segura por medio de acciones preventivas y disuasivas de las conductas delictivas.<\/p>\n","protected":false},"excerpt":{"rendered":"<p>Redacci\u00f3n\/Zona Roja.&nbsp; Oaxaca de Ju\u00e1rez, Oax., a 15 septiembre de 2024.- La Fiscal\u00eda General del&hellip;<\/p>\n","protected":false},"author":2,"featured_media":72469,"comment_status":"closed","ping_status":"open","sticky":false,"template":"","format":"standard","meta":{"_lmt_disableupdate":"","_lmt_disable":"","_jetpack_memberships_contains_paid_content":false,"footnotes":""},"categories":[109,46],"tags":[494],"class_list":["post-72468","post","type-post","status-publish","format-standard","has-post-thumbnail","hentry","category-minuto-a-minuto","category-zona-blanca","tag-fiscalia-general-del-estado-de-oaxaca"],"jetpack_featured_media_url":"https:\/\/zonaroja.com.mx\/wp-content\/uploads\/2024\/09\/Fiscalia-opertivos-Costa-e-Istmo.jpeg","jetpack_sharing_enabled":true,"_links":{"self":[{"href":"https:\/\/zonaroja.com.mx\/index.php?rest_route=\/wp\/v2\/posts\/72468","targetHints":{"allow":["GET"]}}],"collection":[{"href":"https:\/\/zonaroja.com.mx\/index.php?rest_route=\/wp\/v2\/posts"}],"about":[{"href":"https:\/\/zonaroja.com.mx\/index.php?rest_route=\/wp\/v2\/types\/post"}],"author":[{"embeddable":true,"href":"https:\/\/zonaroja.com.mx\/index.php?rest_route=\/wp\/v2\/users\/2"}],"replies":[{"embeddable":true,"href":"https:\/\/zonaroja.com.mx\/index.php?rest_route=%2Fwp%2Fv2%2Fcomments&post=72468"}],"version-history":[{"count":1,"href":"https:\/\/zonaroja.com.mx\/index.php?rest_route=\/wp\/v2\/posts\/72468\/revisions"}],"predecessor-version":[{"id":72470,"href":"https:\/\/zonaroja.com.mx\/index.php?rest_route=\/wp\/v2\/posts\/72468\/revisions\/72470"}],"wp:featuredmedia":[{"embeddable":true,"href":"https:\/\/zonaroja.com.mx\/index.php?rest_route=\/wp\/v2\/media\/72469"}],"wp:attachment":[{"href":"https:\/\/zonaroja.com.mx\/index.php?rest_route=%2Fwp%2Fv2%2Fmedia&parent=72468"}],"wp:term":[{"taxonomy":"category","embeddable":true,"href":"https:\/\/zonaroja.com.mx\/index.php?rest_route=%2Fwp%2Fv2%2Fcategories&post=72468"},{"taxonomy":"post_tag","embeddable":true,"href":"https:\/\/zonaroja.com.mx\/index.php?rest_route=%2Fwp%2Fv2%2Ftags&post=72468"}],"curies":[{"name":"wp","href":"https:\/\/api.w.org\/{rel}","templated":true}]}}