{"id":7247,"date":"2020-01-03T12:48:45","date_gmt":"2020-01-03T18:48:45","guid":{"rendered":"https:\/\/www.zonaroja.com.mx\/?p=7247"},"modified":"2020-01-03T17:21:26","modified_gmt":"2020-01-03T23:21:26","slug":"el-tsj-de-oaxaca-tiene-nuevo-presidente-sustituyen-a-quien-fue-primera-mujer-en-el-cargo","status":"publish","type":"post","link":"https:\/\/zonaroja.com.mx\/?p=7247","title":{"rendered":"El TSJ de Oaxaca tiene nuevo presidente; sustituyen a quien fue primera mujer en el cargo"},"content":{"rendered":"\n<p>Yuridiana Sosa\/Zona Roja.<br><\/p>\n\n\n\n<p>Oaxaca de Ju\u00e1rez, Oax., 3 de enero de 2020.- En sesi\u00f3n ordinaria, el Pleno del Tribunal Superior de Justicia del Estado de Oaxaca nombr\u00f3 como su nuevo titular al magistrado Eduardo Pinacho S\u00e1nchez, en sustituci\u00f3n de Mar\u00eda Eugenia Villanueva Abraj\u00e1n. <\/p>\n\n\n\n<p><br>Con 15 votos a favor, los magistrados decidieron el cambio de Villanueva Abraj\u00e1n a s\u00f3lo un a\u00f1o de tomar la titularidad del Poder Judicial.<\/p>\n\n\n\n<figure class=\"wp-block-embed-twitter wp-block-embed is-type-rich is-provider-twitter\"><div class=\"wp-block-embed__wrapper\">\n<div class=\"twitter-tweet\"><blockquote class=\"twitter-tweet\" data-lang=\"es\"><p lang=\"es\" dir=\"ltr\"><a href=\"https:\/\/twitter.com\/hashtag\/Exclusiva?src=hash&amp;ref_src=twsrc%5Etfw\">#Exclusiva<\/a><br>Este es el momento de la designaci\u00f3n del magistrado Roberto Pinacho como presidente del <a href=\"https:\/\/twitter.com\/tsjoaxaca?ref_src=twsrc%5Etfw\">@tsjoaxaca<\/a>, en sustituci\u00f3n de Mar\u00eda Eugenia Villanueva Abraj\u00e1n. <a href=\"https:\/\/t.co\/6ZvTSks5yH\">pic.twitter.com\/6ZvTSks5yH<\/a><\/p>&mdash; Zona Roja Oaxaca (@MexRoja) <a href=\"https:\/\/twitter.com\/MexRoja\/status\/1213160984627433472?ref_src=twsrc%5Etfw\">3 de enero de 2020<\/a><\/blockquote><\/div>\n<\/div><\/figure>\n\n\n\n<p>A inicio de diciembre del 2018, el Tribunal Superior del Estado presumi\u00f3 de su compromiso con la paridad de g\u00e9nero al nombrar a Mar\u00eda Eugenia Villanueva como presidenta del Tribunal y quien se convirti\u00f3 en la primera mujer en asumir el cargo.<\/p>\n\n\n\n<p><br>Aunque los magistrados contaban con la opci\u00f3n de la reelecci\u00f3n de Villanueva Abrajam, este viernes votaron por el cambio de titular. Eduardo Pinacho fue electo este viernes para un periodo de cuatro a\u00f1os.<br><\/p>\n\n\n\n<figure class=\"wp-block-image size-large\"><img decoding=\"async\" width=\"1280\" height=\"853\" src=\"https:\/\/www.zonaroja.com.mx\/wp-content\/uploads\/2020\/01\/7af3d7f5-ff27-4e94-90f9-6260f419184a.jpg\" alt=\"\" class=\"wp-image-7246\" srcset=\"https:\/\/zonaroja.com.mx\/wp-content\/uploads\/2020\/01\/7af3d7f5-ff27-4e94-90f9-6260f419184a.jpg 1280w, https:\/\/zonaroja.com.mx\/wp-content\/uploads\/2020\/01\/7af3d7f5-ff27-4e94-90f9-6260f419184a-300x200.jpg 300w, https:\/\/zonaroja.com.mx\/wp-content\/uploads\/2020\/01\/7af3d7f5-ff27-4e94-90f9-6260f419184a-768x512.jpg 768w, https:\/\/zonaroja.com.mx\/wp-content\/uploads\/2020\/01\/7af3d7f5-ff27-4e94-90f9-6260f419184a-1024x682.jpg 1024w, https:\/\/zonaroja.com.mx\/wp-content\/uploads\/2020\/01\/7af3d7f5-ff27-4e94-90f9-6260f419184a-1170x780.jpg 1170w, https:\/\/zonaroja.com.mx\/wp-content\/uploads\/2020\/01\/7af3d7f5-ff27-4e94-90f9-6260f419184a-585x390.jpg 585w, https:\/\/zonaroja.com.mx\/wp-content\/uploads\/2020\/01\/7af3d7f5-ff27-4e94-90f9-6260f419184a-263x175.jpg 263w\" sizes=\"(max-width: 1280px) 100vw, 1280px\" \/><\/figure>\n","protected":false},"excerpt":{"rendered":"<p>Yuridiana Sosa\/Zona Roja. Oaxaca de Ju\u00e1rez, Oax., 3 de enero de 2020.- En sesi\u00f3n ordinaria,&hellip;<\/p>\n","protected":false},"author":2,"featured_media":7245,"comment_status":"closed","ping_status":"open","sticky":false,"template":"","format":"standard","meta":{"_lmt_disableupdate":"","_lmt_disable":"","_jetpack_memberships_contains_paid_content":false,"footnotes":""},"categories":[109,46],"tags":[1225,66],"class_list":["post-7247","post","type-post","status-publish","format-standard","has-post-thumbnail","hentry","category-minuto-a-minuto","category-zona-blanca","tag-eduardo-pinacho-sanchez","tag-tribunal-superior-de-justicia"],"jetpack_featured_media_url":"https:\/\/zonaroja.com.mx\/wp-content\/uploads\/2020\/01\/774c1af1-6419-4fc4-bba1-ffc31d3af6b4.jpg","jetpack_sharing_enabled":true,"_links":{"self":[{"href":"https:\/\/zonaroja.com.mx\/index.php?rest_route=\/wp\/v2\/posts\/7247","targetHints":{"allow":["GET"]}}],"collection":[{"href":"https:\/\/zonaroja.com.mx\/index.php?rest_route=\/wp\/v2\/posts"}],"about":[{"href":"https:\/\/zonaroja.com.mx\/index.php?rest_route=\/wp\/v2\/types\/post"}],"author":[{"embeddable":true,"href":"https:\/\/zonaroja.com.mx\/index.php?rest_route=\/wp\/v2\/users\/2"}],"replies":[{"embeddable":true,"href":"https:\/\/zonaroja.com.mx\/index.php?rest_route=%2Fwp%2Fv2%2Fcomments&post=7247"}],"version-history":[{"count":2,"href":"https:\/\/zonaroja.com.mx\/index.php?rest_route=\/wp\/v2\/posts\/7247\/revisions"}],"predecessor-version":[{"id":7259,"href":"https:\/\/zonaroja.com.mx\/index.php?rest_route=\/wp\/v2\/posts\/7247\/revisions\/7259"}],"wp:featuredmedia":[{"embeddable":true,"href":"https:\/\/zonaroja.com.mx\/index.php?rest_route=\/wp\/v2\/media\/7245"}],"wp:attachment":[{"href":"https:\/\/zonaroja.com.mx\/index.php?rest_route=%2Fwp%2Fv2%2Fmedia&parent=7247"}],"wp:term":[{"taxonomy":"category","embeddable":true,"href":"https:\/\/zonaroja.com.mx\/index.php?rest_route=%2Fwp%2Fv2%2Fcategories&post=7247"},{"taxonomy":"post_tag","embeddable":true,"href":"https:\/\/zonaroja.com.mx\/index.php?rest_route=%2Fwp%2Fv2%2Ftags&post=7247"}],"curies":[{"name":"wp","href":"https:\/\/api.w.org\/{rel}","templated":true}]}}