{"id":72471,"date":"2024-09-15T19:36:12","date_gmt":"2024-09-16T01:36:12","guid":{"rendered":"https:\/\/zonaroja.com.mx\/?p=72471"},"modified":"2024-09-15T19:36:14","modified_gmt":"2024-09-16T01:36:14","slug":"matan-a-individuo-en-oaxaca-capital-y-a-otro-en-matias-romero","status":"publish","type":"post","link":"https:\/\/zonaroja.com.mx\/?p=72471","title":{"rendered":"Matan a individuo en Oaxaca capital y a otro en Mat\u00edas Romero"},"content":{"rendered":"\n<p>Ismael Garc\u00eda M.\/Zona Roja.<\/p>\n\n\n\n<p>Oaxaca de Ju\u00e1rez, Oax., a 15 de septiembre de 2024.- A escasas horas de la ceremonia del Grito de Independencia, en Oaxaca dos personas fueron asesinadas este domingo y tres m\u00e1s resultaron lesionadas de bala.<\/p>\n\n\n\n<p>En la madrugada, un individuo de oficio mariachi, fue atacado con arma blanca en la esquina de Las Casas con Victoria, centro de la ciudad de Oaxaca y a unos pasos de la Central de Abasto.<\/p>\n\n\n\n<p>Personal param\u00e9dico de la Cruz Roja Mexicana arrib\u00f3 al sitio para brindar los primeros auxilios, pero corrobor\u00f3 que ya no contaba con signos vitales; por este caso no hay personas detenidas.<\/p>\n\n\n\n<p>Mientras que en el municipio de Mat\u00edas Romero Avenda\u00f1o, regi\u00f3n del Istmo de Tehuantepec, fue hallado un cuerpo sin vida en un domicilio, con varios impactos de arma de fuego.<\/p>\n\n\n\n<p>El hallazgo ocurri\u00f3 en un hogar de la colonia Las Flores y hasta el momento la v\u00edctima no ha sido identificada, como tampoco el m\u00f3vil del homicidio.<\/p>\n\n\n\n<p>LOS LESIONADOS<\/p>\n\n\n\n<p>Mientras tanto, en Juchit\u00e1n de Zaragoza, la ma\u00f1ana de hoy fue atacada a balazos una vivienda en la colonia Ni\u00f1os H\u00e9roes de Chapultepec, donde se hospedaban elementos policiacos.<\/p>\n\n\n\n<p>El saldo fue de dos personas del sexo masculino heridas y trasladadas a un hospital; hasta el momento se desconoce si eran oficiales de alguna corporaci\u00f3n.<\/p>\n\n\n\n<p>Personal de la Vicefiscal\u00eda Regional del Istmo hall\u00f3 en el sitio casquillos percutidos de armas de grueso calibre; las v\u00edctimas convalecen en el hospital \u201cDr. Macedonio Ben\u00edtez Fuentes\u201d.<\/p>\n\n\n\n<p>A su vez, en Santiago Pinotepa Nacional, un cantante de corridos fue atacado a balazos mientras brindaba un espect\u00e1culo en un centro social, ubicado en el barrio El Dispensario.<\/p>\n\n\n\n<p>La v\u00edctima, identificada como Alan G., fue trasladada en estado grave de salud a un hospital de dicho municipio de la regi\u00f3n Costa, colindante con el estado de Guerrero.<\/p>\n","protected":false},"excerpt":{"rendered":"<p>Ismael Garc\u00eda M.\/Zona Roja. Oaxaca de Ju\u00e1rez, Oax., a 15 de septiembre de 2024.- A&hellip;<\/p>\n","protected":false},"author":2,"featured_media":72472,"comment_status":"closed","ping_status":"open","sticky":false,"template":"","format":"standard","meta":{"_lmt_disableupdate":"","_lmt_disable":"","_jetpack_memberships_contains_paid_content":false,"footnotes":""},"categories":[109,51],"tags":[148],"class_list":["post-72471","post","type-post","status-publish","format-standard","has-post-thumbnail","hentry","category-minuto-a-minuto","category-zona-roja","tag-oaxaca-de-juarez"],"jetpack_featured_media_url":"https:\/\/zonaroja.com.mx\/wp-content\/uploads\/2024\/09\/Asesinado-ciudad-de-Oaxaca.jpg","jetpack_sharing_enabled":true,"_links":{"self":[{"href":"https:\/\/zonaroja.com.mx\/index.php?rest_route=\/wp\/v2\/posts\/72471","targetHints":{"allow":["GET"]}}],"collection":[{"href":"https:\/\/zonaroja.com.mx\/index.php?rest_route=\/wp\/v2\/posts"}],"about":[{"href":"https:\/\/zonaroja.com.mx\/index.php?rest_route=\/wp\/v2\/types\/post"}],"author":[{"embeddable":true,"href":"https:\/\/zonaroja.com.mx\/index.php?rest_route=\/wp\/v2\/users\/2"}],"replies":[{"embeddable":true,"href":"https:\/\/zonaroja.com.mx\/index.php?rest_route=%2Fwp%2Fv2%2Fcomments&post=72471"}],"version-history":[{"count":1,"href":"https:\/\/zonaroja.com.mx\/index.php?rest_route=\/wp\/v2\/posts\/72471\/revisions"}],"predecessor-version":[{"id":72473,"href":"https:\/\/zonaroja.com.mx\/index.php?rest_route=\/wp\/v2\/posts\/72471\/revisions\/72473"}],"wp:featuredmedia":[{"embeddable":true,"href":"https:\/\/zonaroja.com.mx\/index.php?rest_route=\/wp\/v2\/media\/72472"}],"wp:attachment":[{"href":"https:\/\/zonaroja.com.mx\/index.php?rest_route=%2Fwp%2Fv2%2Fmedia&parent=72471"}],"wp:term":[{"taxonomy":"category","embeddable":true,"href":"https:\/\/zonaroja.com.mx\/index.php?rest_route=%2Fwp%2Fv2%2Fcategories&post=72471"},{"taxonomy":"post_tag","embeddable":true,"href":"https:\/\/zonaroja.com.mx\/index.php?rest_route=%2Fwp%2Fv2%2Ftags&post=72471"}],"curies":[{"name":"wp","href":"https:\/\/api.w.org\/{rel}","templated":true}]}}