{"id":72474,"date":"2024-09-16T07:26:40","date_gmt":"2024-09-16T13:26:40","guid":{"rendered":"https:\/\/zonaroja.com.mx\/?p=72474"},"modified":"2024-09-16T07:26:42","modified_gmt":"2024-09-16T13:26:42","slug":"entran-en-vigor-hoy-las-reformas-al-poder-judicial-de-la-federacion","status":"publish","type":"post","link":"https:\/\/zonaroja.com.mx\/?p=72474","title":{"rendered":"Entran en vigor hoy las reformas al Poder Judicial de la Federaci\u00f3n"},"content":{"rendered":"\n<p>Redacci\u00f3n\/Zona Roja Cdmx.<\/p>\n\n\n\n<p>Ciudad de M\u00e9xico, a 16 de septiembre de 2024.- El gobierno del Presidente Andr\u00e9s Manuel L\u00f3pez Obrador public\u00f3 este domingo la reforma al Poder Judicial en el Diario Oficial de la Federaci\u00f3n (DOF), por lo que este 16 de septiembre entra en vigor el cambio constitucional y comienza el proceso electoral para elegir a jueces, ministros y magistrados por voto directo.<\/p>\n\n\n\n<p>La publicaci\u00f3n se da dos d\u00edas despu\u00e9s de que el Congreso de la Uni\u00f3n declar\u00f3 la constitucionalidad de la reforma, pues m\u00e1s de17 congresos locales avalaron los cambios que realizaron diputados y senadores en materia judicial.<\/p>\n\n\n\n<p>Tras la publicaci\u00f3n, el proceso extraordinario 2024-2025 iniciar\u00e1 este lunes: se elegir\u00e1 a los ministros de la Suprema Corte de Justicia de la Naci\u00f3n (SCJN), los magistrados de las salas regionales del Tribunal Electoral del poder Judicial de la Federaci\u00f3n (TEPJF), as\u00ed como a los integrantes del Tribunal de Disciplina Judicial.<\/p>\n\n\n\n<p>Para el caso de los magistrados de circuito y jueces de distrito, la elecci\u00f3n ser\u00e1 escalonada, por lo que se renovar\u00e1 la mitad de los cargos correspondientes a cada circuito judicial en la elecci\u00f3n extraordinaria de 2025 y el resto se realizar\u00e1 en 2027.<\/p>\n\n\n\n<p>Ahora, el Senado, a partir de hoy, tendr\u00e1 hasta 30 d\u00edas naturales para emitir la convocatoria para integrar los listados de los candidatos que participen en esta elecci\u00f3n extraordinaria para renovar los cargos en el Poder Judicial de la Federaci\u00f3n.<\/p>\n\n\n\n<p>LAS REACCIONES<\/p>\n\n\n\n<p>El presidente Andr\u00e9s Manuel L\u00f3pez Obrador comparti\u00f3 un video junto a la pr\u00f3xima mandataria federal, Claudia Sheinbaum, donde destacaron que es un d\u00eda hist\u00f3rico para el pa\u00eds.<\/p>\n\n\n\n<p>Destacaron que la publicaci\u00f3n de la reforma judicial se da en medio de la transici\u00f3n presidencial y el Grito de Independencia.<\/p>\n\n\n\n<p>\u201cHoy, en este d\u00eda hist\u00f3rico, firm\u00e9 el decreto para la publicaci\u00f3n en el Diario Oficial de la Federaci\u00f3n de la reforma constitucional al Poder Judicial, aprobada en el Congreso y en la mayor\u00eda de las legislaturas locales. Me acompa\u00f1\u00f3 como testigo la presidenta electa Claudia Sheinbaum Pardo. Es un honor estar con Claudia hoy\u201d, escribi\u00f3 el presidente L\u00f3pez Obrador.<\/p>\n\n\n\n<p>Mientras tanto, la Barra Mexicana, Colegio de Abogados A.C. critic\u00f3 la publicaci\u00f3n de la reforma, pues alert\u00f3 que se hizo a pesar de la suspensi\u00f3n.<\/p>\n\n\n\n<p>\u201cInveros\u00edmil, pero ver\u00eddico. Con todo y suspensi\u00f3n, el Ejecutivo public\u00f3 la reforma a la Constituci\u00f3n Pol\u00edtica de los Estados Unidos Mexicanos en materia de Poder Judicial, un domingo en la noche\u201d, se\u00f1al\u00f3 en redes sociales.<\/p>\n\n\n\n<p>La presidenta del Instituto Nacional Electoral (INE), Guadalupe Taddei, se\u00f1al\u00f3 que comenzar\u00e1n los trabajos preparatorios para la elecci\u00f3n de los integrantes del Poder Judicial, por lo que, dijo, habr\u00e1 reuniones en las consejer\u00edas y \u00e1reas t\u00e9cnicas del Instituto para delinear la ruta.<\/p>\n\n\n\n<p>El INE se encargar\u00e1 de organizar y desarrollar el proceso electoral para elegir a los jueces, ministros y magistrados; tambi\u00e9n realizar\u00e1 los c\u00f3mputos de la elecci\u00f3n, publicar\u00e1 los resultados y entregar\u00e1 las constancias de mayor\u00eda de los candidatos que ganen. Despu\u00e9s declarar\u00e1 la validez de la elecci\u00f3n y enviar\u00e1 sus resultados al Tribunal Electoral.<\/p>\n\n\n\n<p>Por ello, a partir de este lunes el INE tendr\u00e1 hasta siete d\u00edas para realizar una sesi\u00f3n en el Consejo General, con la que se inicia la etapa de preparaci\u00f3n de la elecci\u00f3n extraordinaria 2025.<\/p>\n\n\n\n<p>ELECCIONES SIN REGLA<\/p>\n\n\n\n<p>Debido a que la reforma establece que, una vez que se publique, al d\u00eda siguiente inicia el proceso electoral extraordinario para elegir a jueces, ministros y magistrados por voto directo, el presidente de la mesa directiva del Senado, Gerardo Fern\u00e1ndez Noro\u00f1a, afirm\u00f3 que es posible realizar la elecci\u00f3n sin leyes secundarias que regulen el proceso.<\/p>\n\n\n\n<p>Adem\u00e1s, el morenista confirm\u00f3 que la pr\u00f3xima semana se reunir\u00e1n con la consejera presidenta del INE, Guadalupe Taddei, para afinar los detalles para la emisi\u00f3n de la convocatoria y c\u00f3mo se realizar\u00e1 la elecci\u00f3n.<\/p>\n\n\n\n<p>\u201cVamos a contracorriente. Tenemos que emitir en un mes la convocatoria para la elecci\u00f3n; eso es una tarea que debemos realizar. Vamos atrasados (&#8230;) Inclusive, podr\u00edamos tener las leyes secundarias un poco despu\u00e9s de la elecci\u00f3n, pero lo que no puede faltar es la convocatoria en el plazo establecido\u00bb, apunt\u00f3.<\/p>\n\n\n\n<p>(Informaci\u00f3n de \u201cExpansi\u00f3n Pol\u00edtica\u201d)<\/p>\n","protected":false},"excerpt":{"rendered":"<p>Redacci\u00f3n\/Zona Roja Cdmx. Ciudad de M\u00e9xico, a 16 de septiembre de 2024.- El gobierno del&hellip;<\/p>\n","protected":false},"author":2,"featured_media":72475,"comment_status":"closed","ping_status":"open","sticky":false,"template":"","format":"standard","meta":{"_lmt_disableupdate":"","_lmt_disable":"","_jetpack_memberships_contains_paid_content":false,"footnotes":""},"categories":[109,46],"tags":[143,4027],"class_list":["post-72474","post","type-post","status-publish","format-standard","has-post-thumbnail","hentry","category-minuto-a-minuto","category-zona-blanca","tag-andres-manuel-lopez-obrador","tag-reforma-al-poder-judicial"],"jetpack_featured_media_url":"https:\/\/zonaroja.com.mx\/wp-content\/uploads\/2024\/09\/Reforma-al-poder-judicial-decreto-Lopez-Obrador.jpg","jetpack_sharing_enabled":true,"_links":{"self":[{"href":"https:\/\/zonaroja.com.mx\/index.php?rest_route=\/wp\/v2\/posts\/72474","targetHints":{"allow":["GET"]}}],"collection":[{"href":"https:\/\/zonaroja.com.mx\/index.php?rest_route=\/wp\/v2\/posts"}],"about":[{"href":"https:\/\/zonaroja.com.mx\/index.php?rest_route=\/wp\/v2\/types\/post"}],"author":[{"embeddable":true,"href":"https:\/\/zonaroja.com.mx\/index.php?rest_route=\/wp\/v2\/users\/2"}],"replies":[{"embeddable":true,"href":"https:\/\/zonaroja.com.mx\/index.php?rest_route=%2Fwp%2Fv2%2Fcomments&post=72474"}],"version-history":[{"count":1,"href":"https:\/\/zonaroja.com.mx\/index.php?rest_route=\/wp\/v2\/posts\/72474\/revisions"}],"predecessor-version":[{"id":72476,"href":"https:\/\/zonaroja.com.mx\/index.php?rest_route=\/wp\/v2\/posts\/72474\/revisions\/72476"}],"wp:featuredmedia":[{"embeddable":true,"href":"https:\/\/zonaroja.com.mx\/index.php?rest_route=\/wp\/v2\/media\/72475"}],"wp:attachment":[{"href":"https:\/\/zonaroja.com.mx\/index.php?rest_route=%2Fwp%2Fv2%2Fmedia&parent=72474"}],"wp:term":[{"taxonomy":"category","embeddable":true,"href":"https:\/\/zonaroja.com.mx\/index.php?rest_route=%2Fwp%2Fv2%2Fcategories&post=72474"},{"taxonomy":"post_tag","embeddable":true,"href":"https:\/\/zonaroja.com.mx\/index.php?rest_route=%2Fwp%2Fv2%2Ftags&post=72474"}],"curies":[{"name":"wp","href":"https:\/\/api.w.org\/{rel}","templated":true}]}}