{"id":72482,"date":"2024-09-16T09:20:00","date_gmt":"2024-09-16T15:20:00","guid":{"rendered":"https:\/\/zonaroja.com.mx\/?p=72482"},"modified":"2024-09-16T08:30:38","modified_gmt":"2024-09-16T14:30:38","slug":"somos-hombres-y-mujeres-de-veras-libres-cuestiona-el-arzobispo-de-oaxaca","status":"publish","type":"post","link":"https:\/\/zonaroja.com.mx\/?p=72482","title":{"rendered":"\u201c\u00bfSomos hombres y mujeres de veras libres?\u201d, cuestiona el Arzobispo de Oaxaca"},"content":{"rendered":"\n<p>Raymundo Morales\/Zona Roja.<\/p>\n\n\n\n<p>Oaxaca de Ju\u00e1rez, Oax., a 16 de septiembre de 2024.- En el marco de las fiestas patrias, el Arzobispo de Antequera Oaxaca, Pedro V\u00e1zquez Villalobos, cuestion\u00f3 la libertad de mexicanos y oaxaque\u00f1os.<\/p>\n\n\n\n<p>\u201cConmemoramos nuestra Independencia. Yo quisiera que nos pregunt\u00e1ramos, \u00bfnos sentimos libres? \u00bfnos sentimos libres? Y libres de todo \u00bfno somos esclavos de nada? \u00bfsomos hombres y mujeres de veras libres?&nbsp;<\/p>\n\n\n\n<p>\u201cPorque seg\u00fan esto, en estos d\u00edas hablamos de libertad y gritamos \u00a1viva la libertad de los h\u00e9roes que nos dieron patria! \u00a1viva la libertad!&#8230;&nbsp;<\/p>\n\n\n\n<p>\u00bfEs verdadera la libertad que usted vive? \u00bfy trabaja para que en su entorno de veras haya libertad? \u00bfno somos esclavos? \u00bfno somos esclavos del dinero? \u00bfno somos esclavos del placer? \u00bfno somos esclavos del poder? \u00bfno somos esclavos de vicios, de inclinaciones malas? \u00bfno somos esclavos? Ojal\u00e1 y en verdad seamos libres, seamos libres\u201d.<\/p>\n\n\n\n<p>Durante su homil\u00eda de este domingo, dijo que en la sociedad hay mucho dolor, pues \u201cdecimos que vivimos en una patria en libertad y hay mucho dolor en el coraz\u00f3n, hay mucho dolor en nuestros pueblos oaxaque\u00f1os, porque hay mucha pobreza, mucha\u201d.&nbsp;<\/p>\n\n\n\n<p>Agreg\u00f3 que no podemos ignorar la pobreza de nuestros pueblos oaxaque\u00f1os, de nuestros hermanos oaxaque\u00f1os, que no tienen recursos, \u201cviven de la providencia divina, viven pasando hambre\u201d.<\/p>\n\n\n\n<p>V\u00e1zquez Villalobos agreg\u00f3:<\/p>\n\n\n\n<p>\u201cHay muchas familias que tienen el dolor de no saber qu\u00e9 pas\u00f3 con un hijo, cu\u00e1ntas madres de familia y padres de familia, el d\u00eda de hoy, buscan a un hijo y no lo encuentran y tienen a\u00f1os y a\u00f1os busc\u00e1ndolo.&nbsp;<\/p>\n\n\n\n<p>Algunos familiares m\u00edos buscan a su hijo, que se lo llevaron y no saben nada de \u00e9l despu\u00e9s de tantos a\u00f1os. Cu\u00e1ntas l\u00e1grimas de personas con ese sufrimiento y con ese dolor, y decimos que somos libres, que vivimos la alegr\u00eda de la libertad\u201d.<\/p>\n\n\n\n<p>Pidi\u00f3 a la feligres\u00eda cat\u00f3lica que el dolor de otros toque nuestro coraz\u00f3n y que \u201cno nos embriague la m\u00fasica y los gritos nada m\u00e1s, que tambi\u00e9n hablemos a nuestro interior y pensemos en tanto sufrimiento, en tanta inseguridad, en tanta violencia, en tanta esclavitud de nuestros j\u00f3venes en los vicios, en las drogas y siendo utilizados, siendo utilizados\u201d.<\/p>\n\n\n\n<p>Convoc\u00f3 a vivir estas fiestas patrias en verdadera libertad y paz y a la vez contribuir con su esfuerzo.<\/p>\n\n\n\n<p>\u201cNo digamos: eso lo tiene qu\u00e9 hacer el gobierno \u00bfy nosotros qu\u00e9, nosotros nada? T\u00fa y yo somos parte de este pueblo y de esta naci\u00f3n y nos toca hacer, hagamos lo nuestro y demostremos con nuestras obras la vivencia de libertad y de paz, demostremos con nuestras obras la justicia, el amor, la gracia, la santidad y estemos siempre dispuestos a servir a nuestros hermanos como disc\u00edpulos de Nuestro Se\u00f1or\u201d.<\/p>\n","protected":false},"excerpt":{"rendered":"<p>Raymundo Morales\/Zona Roja. Oaxaca de Ju\u00e1rez, Oax., a 16 de septiembre de 2024.- En el&hellip;<\/p>\n","protected":false},"author":2,"featured_media":72483,"comment_status":"closed","ping_status":"open","sticky":false,"template":"","format":"standard","meta":{"_lmt_disableupdate":"","_lmt_disable":"","_jetpack_memberships_contains_paid_content":false,"footnotes":""},"categories":[109,46],"tags":[992],"class_list":["post-72482","post","type-post","status-publish","format-standard","has-post-thumbnail","hentry","category-minuto-a-minuto","category-zona-blanca","tag-arzobispo-de-antequera-oaxaca"],"jetpack_featured_media_url":"https:\/\/zonaroja.com.mx\/wp-content\/uploads\/2024\/09\/Arzobispo-de-Antequera-Pedro-Vazquez.jpg","jetpack_sharing_enabled":true,"_links":{"self":[{"href":"https:\/\/zonaroja.com.mx\/index.php?rest_route=\/wp\/v2\/posts\/72482","targetHints":{"allow":["GET"]}}],"collection":[{"href":"https:\/\/zonaroja.com.mx\/index.php?rest_route=\/wp\/v2\/posts"}],"about":[{"href":"https:\/\/zonaroja.com.mx\/index.php?rest_route=\/wp\/v2\/types\/post"}],"author":[{"embeddable":true,"href":"https:\/\/zonaroja.com.mx\/index.php?rest_route=\/wp\/v2\/users\/2"}],"replies":[{"embeddable":true,"href":"https:\/\/zonaroja.com.mx\/index.php?rest_route=%2Fwp%2Fv2%2Fcomments&post=72482"}],"version-history":[{"count":1,"href":"https:\/\/zonaroja.com.mx\/index.php?rest_route=\/wp\/v2\/posts\/72482\/revisions"}],"predecessor-version":[{"id":72484,"href":"https:\/\/zonaroja.com.mx\/index.php?rest_route=\/wp\/v2\/posts\/72482\/revisions\/72484"}],"wp:featuredmedia":[{"embeddable":true,"href":"https:\/\/zonaroja.com.mx\/index.php?rest_route=\/wp\/v2\/media\/72483"}],"wp:attachment":[{"href":"https:\/\/zonaroja.com.mx\/index.php?rest_route=%2Fwp%2Fv2%2Fmedia&parent=72482"}],"wp:term":[{"taxonomy":"category","embeddable":true,"href":"https:\/\/zonaroja.com.mx\/index.php?rest_route=%2Fwp%2Fv2%2Fcategories&post=72482"},{"taxonomy":"post_tag","embeddable":true,"href":"https:\/\/zonaroja.com.mx\/index.php?rest_route=%2Fwp%2Fv2%2Ftags&post=72482"}],"curies":[{"name":"wp","href":"https:\/\/api.w.org\/{rel}","templated":true}]}}