{"id":72485,"date":"2024-09-16T00:30:00","date_gmt":"2024-09-16T06:30:00","guid":{"rendered":"https:\/\/zonaroja.com.mx\/?p=72485"},"modified":"2024-09-16T08:33:08","modified_gmt":"2024-09-16T14:33:08","slug":"intento-matar-a-balazos-a-su-pareja-y-su-hija-en-coicoyan-ya-esta-detenido","status":"publish","type":"post","link":"https:\/\/zonaroja.com.mx\/?p=72485","title":{"rendered":"Intent\u00f3 matar a balazos a su pareja y su hija en Coicoy\u00e1n; ya est\u00e1 detenido"},"content":{"rendered":"\n<p>Redacci\u00f3n\/Zona Roja.<\/p>\n\n\n\n<p>Oaxaca de Ju\u00e1rez, Oax. 16 de septiembre de 2024.- Las investigaciones con perspectiva de g\u00e9nero de la Fiscal\u00eda General del Estado de Oaxaca (FGEO) hicieron posible la aprehensi\u00f3n e imputaci\u00f3n de S.R.R., por el delito de Tentativa de Feminicidio Agravado en agravio de las v\u00edctimas identificadas como I.R.M. y una menor de edad (madre e hija), hechos suscitados en la regi\u00f3n Mixteca.<\/p>\n\n\n\n<p>Los hechos ocurrieron el 23 de agosto de 2024, de acuerdo con el expediente penal del caso, cuando las v\u00edctimas I.R.M. y E.R.R., se encontraban al interior de su domicilio ubicado en la Agencia municipal L\u00e1zaro C\u00e1rdenas, en el municipio de Coicoy\u00e1n de las Flores, sitio al que lleg\u00f3 el agresor, quien atac\u00f3 a la v\u00edctima I.R.M., de manera f\u00edsica y verbal.<\/p>\n\n\n\n<p>En el lugar, el agresor realiz\u00f3 disparos de arma de fuego dirigidos hacia ambas v\u00edctimas, infligiendo lesiones que pusieron en riesgo la vida de la menor de edad, cuya identidad est\u00e1 reservada por ley.<\/p>\n\n\n\n<p>A partir del resultado de los trabajos ministeriales encabezados por la FGEO, a trav\u00e9s de la Vicefiscal\u00eda Regional de la Mixteca, se obtuvo la orden de aprehensi\u00f3n correspondiente que se ejecut\u00f3 en contra de a S.R.R., quien fue presentado ante el Juez de Control quien calific\u00f3 como legal la detenci\u00f3n y comunic\u00f3 la imputaci\u00f3n por el delito de Tentativa de Feminicidio Agravado, derivado de lo cual se dict\u00f3 la medida de prisi\u00f3n preventiva justificada provisional.<\/p>\n\n\n\n<p>La Fiscal\u00eda General reitera su compromiso a esclarecer delitos de g\u00e9nero en la entidad, aplicando todo el rigor de la Ley a quien o quienes resulten responsables.<\/p>\n\n\n\n<p>(Comunicado)<\/p>\n","protected":false},"excerpt":{"rendered":"<p>Redacci\u00f3n\/Zona Roja. Oaxaca de Ju\u00e1rez, Oax. 16 de septiembre de 2024.- Las investigaciones con perspectiva&hellip;<\/p>\n","protected":false},"author":2,"featured_media":72486,"comment_status":"closed","ping_status":"open","sticky":false,"template":"","format":"standard","meta":{"_lmt_disableupdate":"","_lmt_disable":"","_jetpack_memberships_contains_paid_content":false,"footnotes":""},"categories":[109,46],"tags":[494],"class_list":["post-72485","post","type-post","status-publish","format-standard","has-post-thumbnail","hentry","category-minuto-a-minuto","category-zona-blanca","tag-fiscalia-general-del-estado-de-oaxaca"],"jetpack_featured_media_url":"https:\/\/zonaroja.com.mx\/wp-content\/uploads\/2024\/09\/Detenido-tentativa-de-feminicidio.jpg","jetpack_sharing_enabled":true,"_links":{"self":[{"href":"https:\/\/zonaroja.com.mx\/index.php?rest_route=\/wp\/v2\/posts\/72485","targetHints":{"allow":["GET"]}}],"collection":[{"href":"https:\/\/zonaroja.com.mx\/index.php?rest_route=\/wp\/v2\/posts"}],"about":[{"href":"https:\/\/zonaroja.com.mx\/index.php?rest_route=\/wp\/v2\/types\/post"}],"author":[{"embeddable":true,"href":"https:\/\/zonaroja.com.mx\/index.php?rest_route=\/wp\/v2\/users\/2"}],"replies":[{"embeddable":true,"href":"https:\/\/zonaroja.com.mx\/index.php?rest_route=%2Fwp%2Fv2%2Fcomments&post=72485"}],"version-history":[{"count":1,"href":"https:\/\/zonaroja.com.mx\/index.php?rest_route=\/wp\/v2\/posts\/72485\/revisions"}],"predecessor-version":[{"id":72487,"href":"https:\/\/zonaroja.com.mx\/index.php?rest_route=\/wp\/v2\/posts\/72485\/revisions\/72487"}],"wp:featuredmedia":[{"embeddable":true,"href":"https:\/\/zonaroja.com.mx\/index.php?rest_route=\/wp\/v2\/media\/72486"}],"wp:attachment":[{"href":"https:\/\/zonaroja.com.mx\/index.php?rest_route=%2Fwp%2Fv2%2Fmedia&parent=72485"}],"wp:term":[{"taxonomy":"category","embeddable":true,"href":"https:\/\/zonaroja.com.mx\/index.php?rest_route=%2Fwp%2Fv2%2Fcategories&post=72485"},{"taxonomy":"post_tag","embeddable":true,"href":"https:\/\/zonaroja.com.mx\/index.php?rest_route=%2Fwp%2Fv2%2Ftags&post=72485"}],"curies":[{"name":"wp","href":"https:\/\/api.w.org\/{rel}","templated":true}]}}