{"id":72492,"date":"2024-09-16T17:02:43","date_gmt":"2024-09-16T23:02:43","guid":{"rendered":"https:\/\/zonaroja.com.mx\/?p=72492"},"modified":"2024-09-16T17:02:43","modified_gmt":"2024-09-16T23:02:43","slug":"convoca-diputado-a-recordar-y-celebrar-valentia-del-pueblo-mexicano","status":"publish","type":"post","link":"https:\/\/zonaroja.com.mx\/?p=72492","title":{"rendered":"Convoca diputado a recordar y celebrar valent\u00eda del pueblo mexicano\u00a0"},"content":{"rendered":"\n<p>Redacci\u00f3n\/Zona Roja.<\/p>\n\n\n\n<p>Oaxaca de Ju\u00e1rez, Oax., a 16 de septiembre de 2024.- Al participar en los actos conmemorativos del inicio de la Independencia de M\u00e9xico, el presidente de la Junta de Coordinaci\u00f3n Pol\u00edtica (Jucopo) de la 65 Legislatura local, Sergio L\u00f3pez S\u00e1nchez, record\u00f3 la valent\u00eda del pueblo mexicano para la conquista de un pa\u00eds aut\u00f3nomo.&nbsp;<\/p>\n\n\n\n<p>En este sentido, llam\u00f3 a celebrar y vivir con orgullo \u00abla valent\u00eda de nuestro pueblo y la conquista de nuestra autonom\u00eda y de nuestros derechos\u00bb, y a conmemorar \u00ablos sacrificios que fueron necesarios para este fin\u00bb, expres\u00f3.&nbsp;<\/p>\n\n\n\n<p>Resalt\u00f3 tambi\u00e9n la importancia de recordar que hace 214 a\u00f1os se inici\u00f3 la Independencia de M\u00e9xico, la cual represent\u00f3 la primera transformaci\u00f3n del pa\u00eds, y que hoy M\u00e9xico vive la cuarta transformaci\u00f3n.&nbsp;<\/p>\n\n\n\n<p>En representaci\u00f3n del Congreso de Oaxaca, el legislador particip\u00f3 junto al titular del Poder Ejecutivo, Salom\u00f3n Jara Cruz, y la presidenta del Poder Judicial, Berenice Ram\u00edrez Jim\u00e9nez, en la conmemoraci\u00f3n del Grito de Independencia, realizado la noche del 15 de septiembre en Palacio de Gobierno.&nbsp;<\/p>\n\n\n\n<p>Asimismo, este 16 de septiembre particip\u00f3 en el acto c\u00edvico realizado en el parque El Llano, en la ciudad de Oaxaca, como parte del 214 aniversario del Inicio del Movimiento de la Independencia Nacional.&nbsp;<\/p>\n\n\n\n<p>Posteriormente, desde Palacio de Gobierno presenci\u00f3 el desfile c\u00edvico-militar, en el que participaron integrantes de las fuerzas de seguridad del estado.<\/p>\n","protected":false},"excerpt":{"rendered":"<p>Redacci\u00f3n\/Zona Roja. Oaxaca de Ju\u00e1rez, Oax., a 16 de septiembre de 2024.- Al participar en&hellip;<\/p>\n","protected":false},"author":2,"featured_media":72493,"comment_status":"closed","ping_status":"open","sticky":false,"template":"","format":"standard","meta":{"_lmt_disableupdate":"","_lmt_disable":"","_jetpack_memberships_contains_paid_content":false,"footnotes":""},"categories":[109,46],"tags":[3803],"class_list":["post-72492","post","type-post","status-publish","format-standard","has-post-thumbnail","hentry","category-minuto-a-minuto","category-zona-blanca","tag-sergio-lopez-sanchez"],"jetpack_featured_media_url":"https:\/\/zonaroja.com.mx\/wp-content\/uploads\/2024\/09\/GOBERNADOR-214-ANIVERSARIO-INDEPENDENCIA-DE-MEXICO-5.jpeg","jetpack_sharing_enabled":true,"_links":{"self":[{"href":"https:\/\/zonaroja.com.mx\/index.php?rest_route=\/wp\/v2\/posts\/72492","targetHints":{"allow":["GET"]}}],"collection":[{"href":"https:\/\/zonaroja.com.mx\/index.php?rest_route=\/wp\/v2\/posts"}],"about":[{"href":"https:\/\/zonaroja.com.mx\/index.php?rest_route=\/wp\/v2\/types\/post"}],"author":[{"embeddable":true,"href":"https:\/\/zonaroja.com.mx\/index.php?rest_route=\/wp\/v2\/users\/2"}],"replies":[{"embeddable":true,"href":"https:\/\/zonaroja.com.mx\/index.php?rest_route=%2Fwp%2Fv2%2Fcomments&post=72492"}],"version-history":[{"count":1,"href":"https:\/\/zonaroja.com.mx\/index.php?rest_route=\/wp\/v2\/posts\/72492\/revisions"}],"predecessor-version":[{"id":72494,"href":"https:\/\/zonaroja.com.mx\/index.php?rest_route=\/wp\/v2\/posts\/72492\/revisions\/72494"}],"wp:featuredmedia":[{"embeddable":true,"href":"https:\/\/zonaroja.com.mx\/index.php?rest_route=\/wp\/v2\/media\/72493"}],"wp:attachment":[{"href":"https:\/\/zonaroja.com.mx\/index.php?rest_route=%2Fwp%2Fv2%2Fmedia&parent=72492"}],"wp:term":[{"taxonomy":"category","embeddable":true,"href":"https:\/\/zonaroja.com.mx\/index.php?rest_route=%2Fwp%2Fv2%2Fcategories&post=72492"},{"taxonomy":"post_tag","embeddable":true,"href":"https:\/\/zonaroja.com.mx\/index.php?rest_route=%2Fwp%2Fv2%2Ftags&post=72492"}],"curies":[{"name":"wp","href":"https:\/\/api.w.org\/{rel}","templated":true}]}}