{"id":72495,"date":"2024-09-16T17:14:11","date_gmt":"2024-09-16T23:14:11","guid":{"rendered":"https:\/\/zonaroja.com.mx\/?p=72495"},"modified":"2024-09-16T17:14:12","modified_gmt":"2024-09-16T23:14:12","slug":"en-paz-con-alegria-y-seguridad-vivio-xoxocotlan-las-fiestas-patrias","status":"publish","type":"post","link":"https:\/\/zonaroja.com.mx\/?p=72495","title":{"rendered":"En paz, con alegr\u00eda y seguridad vivi\u00f3 Xoxocotl\u00e1n las fiestas patrias"},"content":{"rendered":"\n<p>Redacci\u00f3n\/Zona Roja.<\/p>\n\n\n\n<p>Oaxaca de Ju\u00e1rez, Oax., a 16 de septiembre de 2024.- En un marco de fiesta, paz y seguridad, habitantes de Santa Cruz Xoxocotl\u00e1n vivieron las fiestas patrias.<\/p>\n\n\n\n<p>Anoche, entre v\u00edtores y aplausos, el presidente municipal Inocente Castellanos, acompa\u00f1ado del Cabildo y el presidente honorario del DIF, Eric Enmanuel Ortiz Hern\u00e1ndez, evoc\u00f3 la gesta heroica suscitada la madrugada del 16 de septiembre de 1820, en la que el cura Miguel Hidalgo, junto con otras mujeres y hombres llamaron al pueblo de M\u00e9xico a trav\u00e9s del llamado Grito de Dolores con el que se buscaba la autonom\u00eda del pa\u00eds frente al yugo espa\u00f1ol.<\/p>\n\n\n\n<p>La arenga tradicional en voz del edil, fue coreada con emoci\u00f3n por los m\u00e1s de tres mil almas que se dieron cita en el parque municipal de Xoxo, d\u00f3nde m\u00e1s que nunca el \u201cViva Xoxocotl\u00e1n, Viva Oaxaca y Viva M\u00e9xico\u201d, mostraron la unidad, la pasi\u00f3n y el amor de los presentes hacia su tierra amada.<\/p>\n\n\n\n<p>Tras los himnos interpretados por la Se\u00f1orita Am\u00e9rica, Valeria Santos Hern\u00e1ndez, el mun\u00edcipe junto al cuerpo edilicio encabezaron la verbena popular preparada para el pueblo xoxe\u00f1os y visitantes, que disfrutaron la quema del castillo, los antojitos regionales y la m\u00fasica del grupo Fortuna, hasta entrada la madrugada de este lunes.<\/p>\n\n\n\n<p>Con el apoyo de unos 200 elementos de la Comisi\u00f3n de Seguridad P\u00fablica, Vialidad y Protecci\u00f3n Ciudadana, as\u00ed como de la Polic\u00eda Estatal y Guardia Nacional, se logr\u00f3 una noche sin contratiempos, en la que, principalmente, la ciudadan\u00eda presente mostr\u00f3 un alto sentido de respeto y civilidad.<\/p>\n\n\n\n<p>Y esta ma\u00f1ana, con gran orgullo, Inocente&nbsp;Castellanos encabez\u00f3 el izamiento de bandera en conmemoraci\u00f3n del 214 Aniversario del inicio de la Independencia de M\u00e9xico, acto &nbsp;c\u00edvico que simboliza el respeto y gratitud hacia los h\u00e9roes que lucharon por nuestra libertad y soberan\u00eda.&nbsp;<\/p>\n\n\n\n<p>En el acto realizado la ma\u00f1ana de este lunes, el presidente municipal, asever\u00f3: \u201cAl ver nuestra bandera ondear en lo alto, recordamos la valent\u00eda y el sacrificio que nos dieron patria y nos inspiramos a seguir trabajando por un M\u00e9xico m\u00e1s justo y unido\u201d.<\/p>\n","protected":false},"excerpt":{"rendered":"<p>Redacci\u00f3n\/Zona Roja. Oaxaca de Ju\u00e1rez, Oax., a 16 de septiembre de 2024.- En un marco&hellip;<\/p>\n","protected":false},"author":2,"featured_media":72496,"comment_status":"closed","ping_status":"open","sticky":false,"template":"","format":"standard","meta":{"_lmt_disableupdate":"","_lmt_disable":"","_jetpack_memberships_contains_paid_content":false,"footnotes":""},"categories":[109,46],"tags":[133],"class_list":["post-72495","post","type-post","status-publish","format-standard","has-post-thumbnail","hentry","category-minuto-a-minuto","category-zona-blanca","tag-santa-cruz-xoxocotlan"],"jetpack_featured_media_url":"https:\/\/zonaroja.com.mx\/wp-content\/uploads\/2024\/09\/Inocente-castellanos-fiestas-patrias.jpeg","jetpack_sharing_enabled":true,"_links":{"self":[{"href":"https:\/\/zonaroja.com.mx\/index.php?rest_route=\/wp\/v2\/posts\/72495","targetHints":{"allow":["GET"]}}],"collection":[{"href":"https:\/\/zonaroja.com.mx\/index.php?rest_route=\/wp\/v2\/posts"}],"about":[{"href":"https:\/\/zonaroja.com.mx\/index.php?rest_route=\/wp\/v2\/types\/post"}],"author":[{"embeddable":true,"href":"https:\/\/zonaroja.com.mx\/index.php?rest_route=\/wp\/v2\/users\/2"}],"replies":[{"embeddable":true,"href":"https:\/\/zonaroja.com.mx\/index.php?rest_route=%2Fwp%2Fv2%2Fcomments&post=72495"}],"version-history":[{"count":1,"href":"https:\/\/zonaroja.com.mx\/index.php?rest_route=\/wp\/v2\/posts\/72495\/revisions"}],"predecessor-version":[{"id":72497,"href":"https:\/\/zonaroja.com.mx\/index.php?rest_route=\/wp\/v2\/posts\/72495\/revisions\/72497"}],"wp:featuredmedia":[{"embeddable":true,"href":"https:\/\/zonaroja.com.mx\/index.php?rest_route=\/wp\/v2\/media\/72496"}],"wp:attachment":[{"href":"https:\/\/zonaroja.com.mx\/index.php?rest_route=%2Fwp%2Fv2%2Fmedia&parent=72495"}],"wp:term":[{"taxonomy":"category","embeddable":true,"href":"https:\/\/zonaroja.com.mx\/index.php?rest_route=%2Fwp%2Fv2%2Fcategories&post=72495"},{"taxonomy":"post_tag","embeddable":true,"href":"https:\/\/zonaroja.com.mx\/index.php?rest_route=%2Fwp%2Fv2%2Ftags&post=72495"}],"curies":[{"name":"wp","href":"https:\/\/api.w.org\/{rel}","templated":true}]}}