{"id":72504,"date":"2024-09-17T07:13:12","date_gmt":"2024-09-17T13:13:12","guid":{"rendered":"https:\/\/zonaroja.com.mx\/?p=72504"},"modified":"2024-09-17T07:13:14","modified_gmt":"2024-09-17T13:13:14","slug":"regreso-a-la-paz-en-sinaloa-depende-de-grupos-criminales-sedena","status":"publish","type":"post","link":"https:\/\/zonaroja.com.mx\/?p=72504","title":{"rendered":"Regreso a la paz en Sinaloa depende de grupos criminales: Sedena"},"content":{"rendered":"\n<p>Redacci\u00f3n\/Zona Roja.<\/p>\n\n\n\n<p>Oaxaca de Ju\u00e1rez, Oax., a 17 de septiembre de 2024.- Tras la ola de violencia que vive Sinaloa desde hace una semana por el enfrentamiento entre grupos criminales, el comandante de la Tercera Regi\u00f3n Militar, Francisco Jes\u00fas Leana Ojeda, reconoci\u00f3 que el regreso de la seguridad en la entidad depende de que los criminales decidan dar por terminada su confrontaci\u00f3n.<\/p>\n\n\n\n<p>\u201cQueremos que sea lo m\u00e1s r\u00e1pido posible, pero no depende de nosotros, depende de los grupos antag\u00f3nicos que dejen de hacer confrontaci\u00f3n entre ellos y que est\u00e9n dejando a la sociedad en paz para que vivan con tranquilidad\u201d, destac\u00f3 el mando militar en la conferencia de prensa realizada en la entidad y encabezada por el gobernador Rub\u00e9n Rocha Moya.<\/p>\n\n\n\n<p>Desde el lunes 9 de septiembre se recrudecieron los enfrentamientos entre dos facciones del C\u00e1rtel de Sinaloa, atribuida a la detenci\u00f3n, en julio, de Ismael \u201cEl Mayo\u201d Zambada y Joaqu\u00edn Guzm\u00e1n L\u00f3pez, su ahijado, caso en el que el primero acus\u00f3 haber sido traicionado para ser entregado a autoridades de Estados Unidos.<\/p>\n\n\n\n<p>De acuerdo con autoridades locales, hasta el momento van m\u00e1s de 30 asesinatos y una treintena de desapariciones, s\u00f3lo en la \u00faltima semana, en que se acentuaron los ataques entre ambos bandos, la \u201cmayiza\u201d contra los \u201cchapitos\u201d.<\/p>\n\n\n\n<p>La violencia ha generado sicosis y cierre de actividades laborales, comerciales y escolares, situaci\u00f3n que llev\u00f3 a la cancelaci\u00f3n, la v\u00edspera, de los festejos patrios que de manera p\u00fablica se realizaban en el centro de la capital.<\/p>\n\n\n\n<p>Este lunes en rueda de prensa, Leana Ojeda insisti\u00f3 en que volver a la tranquilidad depende de los grupos en disputa, porque presencia militar y de seguridad s\u00ed hay \u201cdesde siempre\u201d.<\/p>\n\n\n\n<p>\u201cDepende de ellos, ellos son los que quieren hacer las agresiones y son los que est\u00e1n cobrando vidas. Nosotros no, al contrario, nosotros estamos ac\u00e1 para evitar que ellos tengan confrontaciones y que haya perdidas de vidas\u00bb, dijo.<\/p>\n\n\n\n<p>Mencion\u00f3 que hay m\u00e1s de tres mil elementos del Ej\u00e9rcito, Guardia Nacional y Fuerza A\u00e9rea, m\u00e1s el personal de la Guardia Nacional desplegados en todo el estado.<\/p>\n\n\n\n<p>\u201cNo los vamos a dejar, es una instrucci\u00f3n presidencial, es una orden del general secretario de la Defensa Nacional que estemos coordinados aqu\u00ed en el estado de Sinaloa. Aqu\u00ed estamos y aqu\u00ed seguiremos el Ej\u00e9rcito, la fuerza a\u00e9rea\u201d, explic\u00f3.<\/p>\n\n\n\n<p>Dijo que ha habido \u201cbuenos resultados\u201d de la estrategia que han seguido, pues \u201destamos planeando constantemente la contenci\u00f3n de las agresiones entre ellos, entre facciones y hemos tenido buenos resultados\u201d.<\/p>\n\n\n\n<p>(Informaci\u00f3n de \u201cExpansi\u00f3n Pol\u00edtica\u201d)<\/p>\n","protected":false},"excerpt":{"rendered":"<p>Redacci\u00f3n\/Zona Roja. Oaxaca de Ju\u00e1rez, Oax., a 17 de septiembre de 2024.- Tras la ola&hellip;<\/p>\n","protected":false},"author":2,"featured_media":72505,"comment_status":"closed","ping_status":"open","sticky":false,"template":"","format":"standard","meta":{"_lmt_disableupdate":"","_lmt_disable":"","_jetpack_memberships_contains_paid_content":false,"footnotes":""},"categories":[109,47],"tags":[1335],"class_list":["post-72504","post","type-post","status-publish","format-standard","has-post-thumbnail","hentry","category-minuto-a-minuto","category-zona-gris","tag-culiacan-sinaloa"],"jetpack_featured_media_url":"https:\/\/zonaroja.com.mx\/wp-content\/uploads\/2024\/09\/Violencia-en-Culiacan-Sinaloa-1.jpg","jetpack_sharing_enabled":true,"_links":{"self":[{"href":"https:\/\/zonaroja.com.mx\/index.php?rest_route=\/wp\/v2\/posts\/72504","targetHints":{"allow":["GET"]}}],"collection":[{"href":"https:\/\/zonaroja.com.mx\/index.php?rest_route=\/wp\/v2\/posts"}],"about":[{"href":"https:\/\/zonaroja.com.mx\/index.php?rest_route=\/wp\/v2\/types\/post"}],"author":[{"embeddable":true,"href":"https:\/\/zonaroja.com.mx\/index.php?rest_route=\/wp\/v2\/users\/2"}],"replies":[{"embeddable":true,"href":"https:\/\/zonaroja.com.mx\/index.php?rest_route=%2Fwp%2Fv2%2Fcomments&post=72504"}],"version-history":[{"count":1,"href":"https:\/\/zonaroja.com.mx\/index.php?rest_route=\/wp\/v2\/posts\/72504\/revisions"}],"predecessor-version":[{"id":72506,"href":"https:\/\/zonaroja.com.mx\/index.php?rest_route=\/wp\/v2\/posts\/72504\/revisions\/72506"}],"wp:featuredmedia":[{"embeddable":true,"href":"https:\/\/zonaroja.com.mx\/index.php?rest_route=\/wp\/v2\/media\/72505"}],"wp:attachment":[{"href":"https:\/\/zonaroja.com.mx\/index.php?rest_route=%2Fwp%2Fv2%2Fmedia&parent=72504"}],"wp:term":[{"taxonomy":"category","embeddable":true,"href":"https:\/\/zonaroja.com.mx\/index.php?rest_route=%2Fwp%2Fv2%2Fcategories&post=72504"},{"taxonomy":"post_tag","embeddable":true,"href":"https:\/\/zonaroja.com.mx\/index.php?rest_route=%2Fwp%2Fv2%2Ftags&post=72504"}],"curies":[{"name":"wp","href":"https:\/\/api.w.org\/{rel}","templated":true}]}}