{"id":72510,"date":"2024-09-17T08:20:00","date_gmt":"2024-09-17T14:20:00","guid":{"rendered":"https:\/\/zonaroja.com.mx\/?p=72510"},"modified":"2024-09-17T07:42:45","modified_gmt":"2024-09-17T13:42:45","slug":"tras-las-fiestas-patrias-reinician-protestas-de-la-seccion-22-del-snte","status":"publish","type":"post","link":"https:\/\/zonaroja.com.mx\/?p=72510","title":{"rendered":"Tras las fiestas patrias, reinician protestas de la Secci\u00f3n 22 del SNTE"},"content":{"rendered":"\n<p>Ismael Garcia M.\/Zona Roja.<\/p>\n\n\n\n<p>Oaxaca de Ju\u00e1rez, Oax., a 17 de septiembre de 2024.- Luego de una pausa por las fiestas patrias, un sector de la Secci\u00f3n 22 del Sindicato Nacional de Trabajadores de la Educaci\u00f3n amaga con movilizarse a partir de este martes.<\/p>\n\n\n\n<p>Se trata del nivel de Secundarias T\u00e9cnicas, que reclama a la dirigencia del Comit\u00e9 Ejecutivo Seccional, encabezada por Yenny Aracely P\u00e9rez Mart\u00ednez, el nulo apoyo para que el Instituto Estatal de Educaci\u00f3n P\u00fablica de Oaxaca cumpla con las demandas pendientes.<\/p>\n\n\n\n<p>De acuerdo con un documento dirigido a la secretaria General del gremio, as\u00ed como al secretario de Organizaci\u00f3n, Nic\u00e9foro Ces\u00e1reo Garc\u00eda Zurita, junto con el IEEPO se habr\u00eda acordado suspender los tr\u00e1mites administrativos para ese sector.<\/p>\n\n\n\n<p>\u201c\u2026 afectando directamente el derecho de percibir la remuneraci\u00f3n al trabajo realizado. Para nosotros es inadmisible que a m\u00e1s de un a\u00f1o de haber entregado nuestros expedientes&nbsp;completos, no se haya generado el pago correspondiente\u201d.<\/p>\n\n\n\n<p>Por ello, recriminaron al IEEPO, que encabeza Emilio Montero P\u00e9rez, as\u00ed como al comit\u00e9 ejecutivo del magisterio, de estar en \u201ccontubernio\u201d para afectar al nivel de Secundarias T\u00e9cnicas.<\/p>\n\n\n\n<p>\u201cRecuerde usted para lo que fue nombrada, busque en sus preceptos morales&nbsp;<\/p>\n\n\n\n<p>m\u00e1s rec\u00f3nditos que es maestra, y recu\u00e9rdeselos a su dirigencia, si lo sabe, plat\u00edqueles de&nbsp;todos estos a\u00f1os de lucha sindical.<\/p>\n\n\n\n<p>\u201cNo destruya con su actitud fascista lo que queda de nuestra gloriosa Secci\u00f3n 22, que para ello y por todos los derechos que nos asisten, estaremos record\u00e1ndoselo con nuestras acciones; su proceder mal intencionada, sumado con su indiferencia al bienestar de la base trabajadora no est\u00e1 llevando a buen puerto a nuestro movimiento\u201d, se\u00f1alan a P\u00e9rez Mart\u00ednez.<\/p>\n\n\n\n<p>Por su parte, este martes el IEEPO se limit\u00f3 a emitir un comunicado en que exhorta al nivel de Secundarias T\u00e9cnicas \u201ca mantener el di\u00e1logo y el actuar responsable en la atenci\u00f3n a sus demandas\u201d.<\/p>\n\n\n\n<p>Y deslind\u00f3 al Instituto de los retrocesos en la atenci\u00f3n a las demandas e incluso record\u00f3 que la representaci\u00f3n de dicho sector fue inhabilitada por instancias resolutivas de la Secci\u00f3n 22.<\/p>\n\n\n\n<p>\u201cPor lo que, como IEEPO, exhortamos a los trabajadores de la educaci\u00f3n de dicho nivel educativo a que resuelvan sus propios diferencias y logremos avanzar bilateralmente en la revisi\u00f3n de los casos, toda vez que se pongan de acuerdo\u201d.<\/p>\n","protected":false},"excerpt":{"rendered":"<p>Ismael Garcia M.\/Zona Roja. Oaxaca de Ju\u00e1rez, Oax., a 17 de septiembre de 2024.- Luego&hellip;<\/p>\n","protected":false},"author":2,"featured_media":72146,"comment_status":"closed","ping_status":"open","sticky":false,"template":"","format":"standard","meta":{"_lmt_disableupdate":"","_lmt_disable":"","_jetpack_memberships_contains_paid_content":false,"footnotes":""},"categories":[109,47],"tags":[312],"class_list":["post-72510","post","type-post","status-publish","format-standard","has-post-thumbnail","hentry","category-minuto-a-minuto","category-zona-gris","tag-seccion-22-del-snte"],"jetpack_featured_media_url":"https:\/\/zonaroja.com.mx\/wp-content\/uploads\/2024\/09\/Marcha-Seccion-22.jpg","jetpack_sharing_enabled":true,"_links":{"self":[{"href":"https:\/\/zonaroja.com.mx\/index.php?rest_route=\/wp\/v2\/posts\/72510","targetHints":{"allow":["GET"]}}],"collection":[{"href":"https:\/\/zonaroja.com.mx\/index.php?rest_route=\/wp\/v2\/posts"}],"about":[{"href":"https:\/\/zonaroja.com.mx\/index.php?rest_route=\/wp\/v2\/types\/post"}],"author":[{"embeddable":true,"href":"https:\/\/zonaroja.com.mx\/index.php?rest_route=\/wp\/v2\/users\/2"}],"replies":[{"embeddable":true,"href":"https:\/\/zonaroja.com.mx\/index.php?rest_route=%2Fwp%2Fv2%2Fcomments&post=72510"}],"version-history":[{"count":1,"href":"https:\/\/zonaroja.com.mx\/index.php?rest_route=\/wp\/v2\/posts\/72510\/revisions"}],"predecessor-version":[{"id":72511,"href":"https:\/\/zonaroja.com.mx\/index.php?rest_route=\/wp\/v2\/posts\/72510\/revisions\/72511"}],"wp:featuredmedia":[{"embeddable":true,"href":"https:\/\/zonaroja.com.mx\/index.php?rest_route=\/wp\/v2\/media\/72146"}],"wp:attachment":[{"href":"https:\/\/zonaroja.com.mx\/index.php?rest_route=%2Fwp%2Fv2%2Fmedia&parent=72510"}],"wp:term":[{"taxonomy":"category","embeddable":true,"href":"https:\/\/zonaroja.com.mx\/index.php?rest_route=%2Fwp%2Fv2%2Fcategories&post=72510"},{"taxonomy":"post_tag","embeddable":true,"href":"https:\/\/zonaroja.com.mx\/index.php?rest_route=%2Fwp%2Fv2%2Ftags&post=72510"}],"curies":[{"name":"wp","href":"https:\/\/api.w.org\/{rel}","templated":true}]}}