{"id":72512,"date":"2024-09-17T10:30:00","date_gmt":"2024-09-17T16:30:00","guid":{"rendered":"https:\/\/zonaroja.com.mx\/?p=72512"},"modified":"2024-09-17T07:57:21","modified_gmt":"2024-09-17T13:57:21","slug":"denuncian-abandono-del-cseiio-a-plantel-en-santa-maria-zacatepec","status":"publish","type":"post","link":"https:\/\/zonaroja.com.mx\/?p=72512","title":{"rendered":"Denuncian abandono del CSEIIO a plantel en Santa Mar\u00eda Zacatepec"},"content":{"rendered":"\n<p>Raymundo Morales\/Zona Roja.<\/p>\n\n\n\n<p>Oaxaca de Ju\u00e1rez, Oax., a 17 de septiembre de 2024.- Trabajadores y padres de familia denunciaron el abandono por parte del Colegio Superior de Educaci\u00f3n Integral Intercultural de Oaxaca (CSEIIO) del plantel Bachillerato Integral Comunitario (BIC) con sede en Santa Mar\u00eda Zacatepec, Putla.<\/p>\n\n\n\n<p>A trav\u00e9s de un escrito dirigido al director general, Rene V\u00e1zquez Castillejos, lamentaron el desinter\u00e9s del funcionario para atender la problem\u00e1tica, tanto de infraestructura f\u00edsica como de equipamiento.<\/p>\n\n\n\n<p>El titular \u201cha generado descontento y preocupaci\u00f3n por su desempe\u00f1o al frente de la instituci\u00f3n. Docentes y empleados han expresado su malestar ante la falta de respuesta y atenci\u00f3n por parte del funcionario, quien parece m\u00e1s enfocado en actividades sociales y en mantener relaciones pol\u00edticas que en cumplir con sus responsabilidades\u201d.<\/p>\n\n\n\n<p>Respecto al BIC 48, ubicado en la localidad de Aquiles Serd\u00e1n, Zacatepec, se\u00f1alan que han solicitado, desde hace m\u00e1s de un a\u00f1o, la contrataci\u00f3n de personal necesario en \u00e1reas clave como Inform\u00e1tica y Lengua Ind\u00edgena.&nbsp;<\/p>\n\n\n\n<p>\u201cA pesar de que la matr\u00edcula ha aumentado en un 50% para el ciclo escolar 2024-2025, no ha habido respuesta por parte de V\u00e1zquez Castillejos, lo que ha complicado el funcionamiento del plantel.<\/p>\n\n\n\n<p>\u201cLa situaci\u00f3n del BIC 48 es alarmante no solo por la falta de docentes, sino tambi\u00e9n por la carencia de personal administrativo, como una secretaria y un intendente, fundamentales para el buen funcionamiento del centro educativo. \u201cAdem\u00e1s, el plantel sufre graves deficiencias de infraestructura, ya que los alumnos toman clases en salones provisionales construidos con techos de l\u00e1mina, los cuales fueron erigidos por los mismos habitantes de la comunidad ante la falta de apoyo gubernamental\u201d<\/p>\n\n\n\n<p>Por ello, pidieron al gobernador Salom\u00f3n Jara Cruz atender con urgencia la problem\u00e1tica y ademas, conminar al director del CSEIIO a asumir a cabalidad su responsabilidad para atender las necesidades de los planteles.<\/p>\n","protected":false},"excerpt":{"rendered":"<p>Raymundo Morales\/Zona Roja. Oaxaca de Ju\u00e1rez, Oax., a 17 de septiembre de 2024.- Trabajadores y&hellip;<\/p>\n","protected":false},"author":2,"featured_media":72513,"comment_status":"closed","ping_status":"open","sticky":false,"template":"","format":"standard","meta":{"_lmt_disableupdate":"","_lmt_disable":"","_jetpack_memberships_contains_paid_content":false,"footnotes":""},"categories":[109,47],"tags":[4005],"class_list":["post-72512","post","type-post","status-publish","format-standard","has-post-thumbnail","hentry","category-minuto-a-minuto","category-zona-gris","tag-rene-vasquez-castillejos"],"jetpack_featured_media_url":"https:\/\/zonaroja.com.mx\/wp-content\/uploads\/2024\/09\/Rene-Vasquez-Castillejos.jpg","jetpack_sharing_enabled":true,"_links":{"self":[{"href":"https:\/\/zonaroja.com.mx\/index.php?rest_route=\/wp\/v2\/posts\/72512","targetHints":{"allow":["GET"]}}],"collection":[{"href":"https:\/\/zonaroja.com.mx\/index.php?rest_route=\/wp\/v2\/posts"}],"about":[{"href":"https:\/\/zonaroja.com.mx\/index.php?rest_route=\/wp\/v2\/types\/post"}],"author":[{"embeddable":true,"href":"https:\/\/zonaroja.com.mx\/index.php?rest_route=\/wp\/v2\/users\/2"}],"replies":[{"embeddable":true,"href":"https:\/\/zonaroja.com.mx\/index.php?rest_route=%2Fwp%2Fv2%2Fcomments&post=72512"}],"version-history":[{"count":1,"href":"https:\/\/zonaroja.com.mx\/index.php?rest_route=\/wp\/v2\/posts\/72512\/revisions"}],"predecessor-version":[{"id":72514,"href":"https:\/\/zonaroja.com.mx\/index.php?rest_route=\/wp\/v2\/posts\/72512\/revisions\/72514"}],"wp:featuredmedia":[{"embeddable":true,"href":"https:\/\/zonaroja.com.mx\/index.php?rest_route=\/wp\/v2\/media\/72513"}],"wp:attachment":[{"href":"https:\/\/zonaroja.com.mx\/index.php?rest_route=%2Fwp%2Fv2%2Fmedia&parent=72512"}],"wp:term":[{"taxonomy":"category","embeddable":true,"href":"https:\/\/zonaroja.com.mx\/index.php?rest_route=%2Fwp%2Fv2%2Fcategories&post=72512"},{"taxonomy":"post_tag","embeddable":true,"href":"https:\/\/zonaroja.com.mx\/index.php?rest_route=%2Fwp%2Fv2%2Ftags&post=72512"}],"curies":[{"name":"wp","href":"https:\/\/api.w.org\/{rel}","templated":true}]}}