{"id":72518,"date":"2024-09-17T00:10:00","date_gmt":"2024-09-17T06:10:00","guid":{"rendered":"https:\/\/zonaroja.com.mx\/?p=72518"},"modified":"2024-09-17T08:11:13","modified_gmt":"2024-09-17T14:11:13","slug":"opinion-centro-de-sociologia-50-anos-y-contando","status":"publish","type":"post","link":"https:\/\/zonaroja.com.mx\/?p=72518","title":{"rendered":"Opini\u00f3n. Centro de Sociolog\u00eda: 50 a\u00f1os\u2026 y contando"},"content":{"rendered":"\n<p>Isidoro Yescas*<\/p>\n\n\n\n<p>A prop\u00f3sito del 50 aniversario de la fundaci\u00f3n del Centro de Sociolog\u00eda (hoy IISUABJO),&nbsp;en un primer comentario que hice sobre el tema en el mes de julio&nbsp;escrib\u00ed&nbsp;que los profesores, autoridades y el alumnado de este centro de estudios de la UABJO&nbsp;\u201cno fuimos ajenos a los tiempos de convulsi\u00f3n pol\u00edtica que entre 1975 y 1977\u201d que se vivi\u00f3 en la Universidad &nbsp;y el estado de&nbsp;Oaxaca.<\/p>\n\n\n\n<p>\u201cParticipamos,&nbsp;nos involucramos y fuimos parte de y testigos del intento gubernamental para clausurar nuestro centro de estudios\u201d, apunt\u00e9.&nbsp;(&nbsp;\u201cPara qu\u00e9 sirve un soci\u00f3logo\u201d, en&nbsp;\u201cNoticias\u201d, julio 1 del 2024).<\/p>\n\n\n\n<p>Me refer\u00eda&nbsp;entonces&nbsp;no&nbsp;solamente a&nbsp;nuestra&nbsp;participaci\u00f3n &nbsp;en el movimiento escenificado en el campus universitario a finales de 1975 y que se prolong\u00f3 al siguiente y parte de 1977 para luchar por la democratizaci\u00f3n de&nbsp;la UABJO, sino tambi\u00e9n en el movimiento estudiantil-popular que derivar\u00eda en la&nbsp;ca\u00edda&nbsp;del gobernador Manuel Z\u00e1rate Aquino&nbsp;( dic. de 1974 a marzo de 1977)&nbsp;y el ascenso del General Eliseo Jim\u00e9nez Ruiz como gobernador&nbsp;interino.&nbsp;<\/p>\n\n\n\n<p>Ese intento del gobernador MZA para cerrar el primero y \u00fanico centro de formaci\u00f3n de profesores e investigadores&nbsp;en ciencias sociales&nbsp;a nivel nacional, tuvo su mejor expresi\u00f3n p\u00fablica &nbsp;en sus declaraciones que hizo al diario&nbsp;\u201cExc\u00e9lsior\u201d&nbsp;en el mes de enero de 1977 al calificar a la UABJO como \u201cnido de agentes subversivos\u201d y al Centro de Sociolog\u00eda como \u201cuno de los focos de agitaci\u00f3n coordinada por el se\u00f1or licenciado Ra\u00fal Ben\u00edtez Zenteno quien es director del Instituto de Investigaciones Sociales de la UNAM, y en el que participan la mayor\u00eda de los alumnos&nbsp;cuya poblaci\u00f3n total es de 25 alumnos\u201d (\u201cLa Universidad de Oaxaca, nido de agentes subversivos: el Gobernador\u201d, en&nbsp;\u201cExc\u00e9lsior\u201d, enero&nbsp;12 de &nbsp;1977).<\/p>\n\n\n\n<p>Y fue bajo ese contexto y en respuesta a estas declaraciones que &nbsp;el maestro Ben\u00edtez Zenteno&nbsp;(a quien debemos el dise\u00f1o acad\u00e9mico del Centro de Sociolog\u00eda &nbsp;que en 1980 deriv\u00f3 en el IISUABJO) public\u00f3 al d\u00eda siguiente una extensa carta aclaratoria para defender y explicar las motivaciones acad\u00e9mico-institucionales que dieron origen al proyecto para de esta manera dejar en claro que, con independencia del quehacer pol\u00edtico de sus estudiantes, el Centro de Sociolog\u00eda cumpl\u00eda y seguir\u00eda cumpliendo con sus compromisos acad\u00e9micos.&nbsp;(\u201cAclaraci\u00f3n de Ben\u00edtez al gobernador Z\u00e1rate\u201d, en&nbsp;Foro de \u201cExc\u00e9lsior\u201d,&nbsp;enero 13 de 1977).<\/p>\n\n\n\n<p>Y el Maestro Ben\u00edtez Zenteno&nbsp;(&nbsp;q.e.&nbsp;p. d.) &nbsp;no se equivoc\u00f3: los alumnos y alumnas pudimos combinar nuestro activismo pol\u00edtico, dentro y fuera de la UABJO, sin poner en riesgo el proyecto&nbsp;institucional &nbsp;y&nbsp;nuestra propia &nbsp;formaci\u00f3n acad\u00e9mica, al punto que en 1980 la gran mayor\u00eda de los egresados fuimos considerados por&nbsp;un&nbsp;Comit\u00e9&nbsp;Evaluador&nbsp;\u201cad hoc\u201d&nbsp;para formar parte de la planta de investigadores del Instituto de Investigaciones Sociol\u00f3gicas.<\/p>\n\n\n\n<p>Victor&nbsp;Ra\u00fal Mart\u00ednez V\u00e1squez, uno de los promotores del Centro de Sociolog\u00eda y reconocido historiador oaxaque\u00f1o, recupera ahora buena parte de esta experiencia de formaci\u00f3n de la primera generaci\u00f3n de soci\u00f3logos(as)&nbsp;en Oaxaca,&nbsp;as\u00ed como de su producci\u00f3n acad\u00e9mica,&nbsp;en el libro \u201cEl Instituto de Investigaciones Sociol\u00f3gicas&nbsp;de la UABJO&nbsp;(1974-2024)\u201d que se presentar\u00e1 este 18 de septiembre en el auditorio de la sede del IISUABJO, en Ciudad Universitaria.&nbsp;<\/p>\n\n\n\n<p>En esa misma fecha y lugar se llevar\u00e1n a cabo dos conversatorios con la participaci\u00f3n de ocho colegas, incluyendo al autor de este texto.&nbsp;<\/p>\n\n\n\n<p>Se presenta un d\u00eda antes que se cumplan los 50 a\u00f1os de la fundaci\u00f3n del Centro de Sociolog\u00eda, oportunidad que tambi\u00e9n debiera servir para que los propios egresados(as)&nbsp;impulsemos&nbsp;otros temas de inter\u00e9s&nbsp;local,&nbsp;regional y nacional para&nbsp;su an\u00e1lisis y debate&nbsp;en el campus universitario&nbsp;y, si ese fuera el caso,&nbsp;promover&nbsp;una publicaci\u00f3n colectiva de una generaci\u00f3n de soci\u00f3logos y soci\u00f3logas que, sin duda, abrieron brecha en&nbsp;la investigaci\u00f3n social en la UABJO y en el an\u00e1lisis de la realidad oaxaque\u00f1a.&nbsp;<\/p>\n\n\n\n<p>A 50 a\u00f1os de distancia, es decir de 1974 a la fecha, Oaxaca se ha transformado a profundidad. Se requiere entonces,&nbsp;de&nbsp;nuevos ejercicios de investigaci\u00f3n y an\u00e1lisis que contribuyan a analizar y&nbsp;entender&nbsp;esta nueva realidad. Y creo que, en un esfuerzo de reencuentro generacional,&nbsp;esa primera&nbsp;cohorte&nbsp;decientistas&nbsp;sociales formados en los setentas tenemos todo para emprender esta tarea.&nbsp; Y enhorabuena por el cincuentenario.<\/p>\n\n\n\n<p>*Maestro en Sociolog\u00eda.<\/p>\n\n\n\n<p>X: @YescasIsidoro<\/p>\n\n\n\n<p>Faceboock:&nbsp;IsidoroYescas<\/p>\n","protected":false},"excerpt":{"rendered":"<p>Isidoro Yescas* A prop\u00f3sito del 50 aniversario de la fundaci\u00f3n del Centro de Sociolog\u00eda (hoy&hellip;<\/p>\n","protected":false},"author":2,"featured_media":71623,"comment_status":"closed","ping_status":"open","sticky":false,"template":"","format":"standard","meta":{"_lmt_disableupdate":"","_lmt_disable":"","_jetpack_memberships_contains_paid_content":false,"footnotes":""},"categories":[456,109],"tags":[3998],"class_list":["post-72518","post","type-post","status-publish","format-standard","has-post-thumbnail","hentry","category-columna","category-minuto-a-minuto","tag-isidoro-yescas-martinez"],"jetpack_featured_media_url":"https:\/\/zonaroja.com.mx\/wp-content\/uploads\/2024\/08\/Opinion.-Isidoro-Yescas.jpg","jetpack_sharing_enabled":true,"_links":{"self":[{"href":"https:\/\/zonaroja.com.mx\/index.php?rest_route=\/wp\/v2\/posts\/72518","targetHints":{"allow":["GET"]}}],"collection":[{"href":"https:\/\/zonaroja.com.mx\/index.php?rest_route=\/wp\/v2\/posts"}],"about":[{"href":"https:\/\/zonaroja.com.mx\/index.php?rest_route=\/wp\/v2\/types\/post"}],"author":[{"embeddable":true,"href":"https:\/\/zonaroja.com.mx\/index.php?rest_route=\/wp\/v2\/users\/2"}],"replies":[{"embeddable":true,"href":"https:\/\/zonaroja.com.mx\/index.php?rest_route=%2Fwp%2Fv2%2Fcomments&post=72518"}],"version-history":[{"count":1,"href":"https:\/\/zonaroja.com.mx\/index.php?rest_route=\/wp\/v2\/posts\/72518\/revisions"}],"predecessor-version":[{"id":72519,"href":"https:\/\/zonaroja.com.mx\/index.php?rest_route=\/wp\/v2\/posts\/72518\/revisions\/72519"}],"wp:featuredmedia":[{"embeddable":true,"href":"https:\/\/zonaroja.com.mx\/index.php?rest_route=\/wp\/v2\/media\/71623"}],"wp:attachment":[{"href":"https:\/\/zonaroja.com.mx\/index.php?rest_route=%2Fwp%2Fv2%2Fmedia&parent=72518"}],"wp:term":[{"taxonomy":"category","embeddable":true,"href":"https:\/\/zonaroja.com.mx\/index.php?rest_route=%2Fwp%2Fv2%2Fcategories&post=72518"},{"taxonomy":"post_tag","embeddable":true,"href":"https:\/\/zonaroja.com.mx\/index.php?rest_route=%2Fwp%2Fv2%2Ftags&post=72518"}],"curies":[{"name":"wp","href":"https:\/\/api.w.org\/{rel}","templated":true}]}}