{"id":7252,"date":"2020-01-03T15:12:36","date_gmt":"2020-01-03T21:12:36","guid":{"rendered":"https:\/\/www.zonaroja.com.mx\/?p=7252"},"modified":"2020-01-03T17:19:29","modified_gmt":"2020-01-03T23:19:29","slug":"7252","status":"publish","type":"post","link":"https:\/\/zonaroja.com.mx\/?p=7252","title":{"rendered":"Habitantes de Yaitepec culpan a funcionario de la Segego de la violencia en la zona"},"content":{"rendered":"\n<p><\/p>\n\n\n\n<p>Redacci\u00f3n\/Zona Roja<\/p>\n\n\n\n<p>Oaxaca de Ju\u00e1rez, Oax., 3 de enero de 2019.- \u00a0Habitantes de Santiago Yaitepec responsabilizaron al subsecretario de la Secretar\u00eda General de Gobierno (Segego) en Oaxaca, Carlos Ramos Arag\u00f3n, de la presencia de grupos armados y la violencia que se registr\u00f3 en la localidad en el marco del cambio de autoridades municipales, el pasado mi\u00e9rcoles 1 de enero.<\/p>\n\n\n\n<p>As\u00ed lo dieron a conocer mediante un documento fechado ayer y en el que refieren fue firmado tras un asamblea sostenida por pobladores, que denuncian la intromisi\u00f3n de funcionarios, exlegisladores y personas ajenas a la localidad, con intereses mezquinos que en nada tienen que ver con el progreso del pueblo.<\/p>\n\n\n\n<p>\u201cResponsabilizamos en este momento a Carlos Ramos Arag\u00f3n, subsecretario de Gobierno, de los diferentes atentados ocurridos durante la toma de protesta del Cabildo del municipio de Santiago Yaitepec\u201d indica el documento a la par que involucra a otras personas como Roberto Peralta Santiago, quien aseguran encabez\u00f3 el grupo de hombres armados que hicieron presencia en la zona.<\/p>\n\n\n\n<p>De igual forma manifestaron la intromisi\u00f3n de Marcos Ju\u00e1rez Guzm\u00e1n, principal contrincante del edil actual; Hidelberto Cruz Peralta, expresidente municipal; Eva Santiago Cruz, exregidora de Obras; Manuel Le\u00f3n S\u00e1nchez, exdiputado; y Galdino Santiago Carmona, a quienes hicieron responsables de privar de la vida a una persona, de quien evitaron dar el nombre por miedo a represalias en contra de la familia.\u00a0<\/p>\n\n\n\n<p>As\u00ed mismo, indicaron que el grupo armado, respaldado por las personas anteriormente citadas,&nbsp;&nbsp;hirieron a otras dos personas de la comunidad e impidieron el ejercicio libre del poder, promoviendo una inestabilidad en el municipio.<\/p>\n\n\n\n<p>Por lo anterior, solicitaron la intervenci\u00f3n y presencia de la Guardia Nacional en la zona, a fin de garantizar la seguridad de la poblaci\u00f3n y de quienes visitan el lugar que adem\u00e1s se encuentra en conflicto constante con sus vecinos de Santa Catarina Juquila por hect\u00e1reas en pugna dentro de las que se encuentra el sitio religioso de \u201cEl Pedimento\u201d.<\/p>\n\n\n\n<p>UN MUERTO<\/p>\n\n\n\n<p>Por su parte, la Fiscal\u00eda General del Estado de Oaxaca, a trav\u00e9s de sus redes sociales, confirmo la muerte de una persona que fue identificada como A. S. C., ultimado a balazos, mientras que H. S. C. fue trasladado a un hospital de Puerto Escondido, para su atenci\u00f3n m\u00e9dica.<\/p>\n\n\n\n<p>\u201cLa Fiscal\u00eda General a trav\u00e9s de la Agencia Estatal de Investigaciones realiza en Yaitepec las diligencias de investigaci\u00f3n correspondientes para recabar la informaci\u00f3n necesaria que permita definir la manera en que ocurrieron estos hechos para ubicar y presentar ante la justicia a los responsables\u201d, cita.<\/p>\n\n\n\n<p>A inicios del mes de diciembre y previo a las festividades religiosas de la Virgen de Juquila, se registr\u00f3 un desalojo violento por parte de elementos de seguridad p\u00fablica estatal y federal&nbsp;&nbsp;hacia pobladores de Yaitepec que se encontraban en inmediaciones de \u201cEl Pedimento\u201d, la acci\u00f3n dejo como saldo una mujer de la tercera edad muerta y decenas de personas afectadas por el gas lacrim\u00f3geno.<\/p>\n\n\n\n<p>El conflicto entre Santiago Yaitepec y Santa Catarina Juquila se mantuvo activo durante todo el 2019, sin que la autoridades de la Secretar\u00eda General de Gobierno (Segego) pudieran resolverlo y por el contrario hoy en d\u00eda un funcionario de alto nivel de la dependencia es acusado de generar la violencia a inicios de este 2020.<br class=\"Apple-interchange-newline\"><\/p>\n","protected":false},"excerpt":{"rendered":"<p>Redacci\u00f3n\/Zona Roja Oaxaca de Ju\u00e1rez, Oax., 3 de enero de 2019.- \u00a0Habitantes de Santiago Yaitepec&hellip;<\/p>\n","protected":false},"author":2,"featured_media":7251,"comment_status":"closed","ping_status":"open","sticky":false,"template":"","format":"standard","meta":{"_lmt_disableupdate":"","_lmt_disable":"","_jetpack_memberships_contains_paid_content":false,"footnotes":""},"categories":[109,47],"tags":[546],"class_list":["post-7252","post","type-post","status-publish","format-standard","has-post-thumbnail","hentry","category-minuto-a-minuto","category-zona-gris","tag-santiago-yaitepec"],"jetpack_featured_media_url":"https:\/\/zonaroja.com.mx\/wp-content\/uploads\/2020\/01\/img_4529.jpg","jetpack_sharing_enabled":true,"_links":{"self":[{"href":"https:\/\/zonaroja.com.mx\/index.php?rest_route=\/wp\/v2\/posts\/7252","targetHints":{"allow":["GET"]}}],"collection":[{"href":"https:\/\/zonaroja.com.mx\/index.php?rest_route=\/wp\/v2\/posts"}],"about":[{"href":"https:\/\/zonaroja.com.mx\/index.php?rest_route=\/wp\/v2\/types\/post"}],"author":[{"embeddable":true,"href":"https:\/\/zonaroja.com.mx\/index.php?rest_route=\/wp\/v2\/users\/2"}],"replies":[{"embeddable":true,"href":"https:\/\/zonaroja.com.mx\/index.php?rest_route=%2Fwp%2Fv2%2Fcomments&post=7252"}],"version-history":[{"count":3,"href":"https:\/\/zonaroja.com.mx\/index.php?rest_route=\/wp\/v2\/posts\/7252\/revisions"}],"predecessor-version":[{"id":7258,"href":"https:\/\/zonaroja.com.mx\/index.php?rest_route=\/wp\/v2\/posts\/7252\/revisions\/7258"}],"wp:featuredmedia":[{"embeddable":true,"href":"https:\/\/zonaroja.com.mx\/index.php?rest_route=\/wp\/v2\/media\/7251"}],"wp:attachment":[{"href":"https:\/\/zonaroja.com.mx\/index.php?rest_route=%2Fwp%2Fv2%2Fmedia&parent=7252"}],"wp:term":[{"taxonomy":"category","embeddable":true,"href":"https:\/\/zonaroja.com.mx\/index.php?rest_route=%2Fwp%2Fv2%2Fcategories&post=7252"},{"taxonomy":"post_tag","embeddable":true,"href":"https:\/\/zonaroja.com.mx\/index.php?rest_route=%2Fwp%2Fv2%2Ftags&post=7252"}],"curies":[{"name":"wp","href":"https:\/\/api.w.org\/{rel}","templated":true}]}}