{"id":72520,"date":"2024-09-17T12:11:00","date_gmt":"2024-09-17T18:11:00","guid":{"rendered":"https:\/\/zonaroja.com.mx\/?p=72520"},"modified":"2024-09-17T08:22:19","modified_gmt":"2024-09-17T14:22:19","slug":"la-universidad-de-guanajuato-reconoce-labor-de-francisco-toledo-en-el-52-fic","status":"publish","type":"post","link":"https:\/\/zonaroja.com.mx\/?p=72520","title":{"rendered":"La Universidad de Guanajuato reconoce\u00a0 labor de Francisco Toledo en el 52 FIC\u00a0"},"content":{"rendered":"\n<p>Redacci\u00f3n\/Zona Roja.<\/p>\n\n\n\n<p>Oaxaca de Ju\u00e1rez, Oax., a 17 de septiembre de 2024.- La Universidad de Guanajuato (UG), en colaboraci\u00f3n con Amigos del IAGO y del Centro Fotografico Manuel \u00c1lvarez Bravo A.C. y el Instituto de Artes Gr\u00e1ficas de Oaxaca (IAGO), afinan los \u00faltimos detalles de una serie de exposiciones sobre el reconocido artista mexicano Francisco Toledo, esto como parte de la celebraci\u00f3n de Oaxaca, estado invitado de la quincuag\u00e9sima segunda edici\u00f3n del Festival Internacional Cervantino (FIC).<\/p>\n\n\n\n<p>Con respeto y gran admiraci\u00f3n, la UG busca reconocer la carrera y labor del maestro Toledo, quien es considerado un pilar del arte oaxaque\u00f1o y uno de los principales referentes en la cultura nacional.&nbsp;<\/p>\n\n\n\n<p>En las exposiciones se resaltar\u00e1 su inter\u00e9s y exploraci\u00f3n en la gr\u00e1fica, adem\u00e1s de su compromiso social y su defensa del patrimonio cultural, rasgos que lo convierten en un s\u00edmbolo de la riqueza cultural de M\u00e9xico.&nbsp;<\/p>\n\n\n\n<p>Es importante mencionar que tambi\u00e9n se podr\u00e1 ver a Toledo como coleccionista, ya que habr\u00e1 exposiciones conformadas por obra incluida en las colecciones que conform\u00f3 tanto de gr\u00e1fica como de fotograf\u00eda.<\/p>\n\n\n\n<p>El Director de Extensi\u00f3n Cultural de la UG, Jos\u00e9 Osvaldo Ch\u00e1vez Rodr\u00edguez, se\u00f1al\u00f3: \u00abFrancisco Toledo es un artista que trasciende fronteras; su obra es un puente entre la tradici\u00f3n y la innovaci\u00f3n. Para nosotros, es un honor reunir y mostrar la diversidad de su legado en un espacio que tambi\u00e9n valora la intersecci\u00f3n entre el arte, la educaci\u00f3n y la comunidad. La emoci\u00f3n y alegr\u00eda que sentimos al presentar este proyecto no tienen comparaci\u00f3n\u201d.<\/p>\n\n\n\n<p>Sara L\u00f3pez Ellitsgaard, presidenta de Amigos del IAGO y del CFMAB A.C., agradeci\u00f3 a la UG por llevar la obra del maestro Toledo a Guanajuato, as\u00ed como obra de diversos artistas y fot\u00f3grafos que forman parte de la colecci\u00f3n que form\u00f3.&nbsp;<\/p>\n\n\n\n<p>\u201cPara nosotros siempre es un gusto poder mostrar una parte de Oaxaca en otros estados y esperamos que los estudiantes se acerquen al arte, a diversas t\u00e9cnicas de expresi\u00f3n y a la posibilidad de tratar temas sociales a trav\u00e9s del dise\u00f1o\u201d.<\/p>\n\n\n\n<p>El director del IAGO, Hazam Jara, destac\u00f3 la importancia de mostrar la exploraci\u00f3n que hizo el maestro Toledo en dise\u00f1o gr\u00e1fico, \u201cespec\u00edficamente en carteles, haciendo una aportaci\u00f3n a distintas causas sociales, tambi\u00e9n se muestran los resultados de las convocatorias de la Bienal Internacional de Cartel, que \u00e9l impuls\u00f3 para que m\u00e1s personas se expresaran a trav\u00e9s de este medio sobre un tema en espec\u00edfico\u201d.<\/p>\n\n\n\n<p>Ch\u00e1vez Rodr\u00edguez se\u00f1al\u00f3 que la UG, con su rica tradici\u00f3n de promoci\u00f3n cultural y educativa, es un lugar ideal para reunir todas las facetas del artista, \u201cuna oportunidad \u00fanica para celebrar su vida y obra en un entorno que comparte su pasi\u00f3n por la cultura y el conocimiento\u201d, adem\u00e1s de brindar la ocasi\u00f3n para fortalecer el v\u00ednculo de esta Casa de Estudios con la cultura oaxaque\u00f1a.<\/p>\n\n\n\n<p>Un total de ocho exposiciones, instaladas cada una en una diferente galer\u00eda universitaria, estar\u00e1n disponibles para el p\u00fablico a partir del 11 de octubre de 2024 y hasta el mes de febrero de 2025, teniendo presencia en cuatro municipios de la entidad y contando con la colaboraci\u00f3n interinstitucional del IAGO, Amigos del IAGO y del CFMAB A.C., el Campus Guanajuato y el Campus Irapuato-Salamanca.<\/p>\n\n\n\n<p>Una de las exposiciones que est\u00e1 conformada con obra de la Colecci\u00f3n Toledo\/INBAL es: \u201cMujeres y artes gr\u00e1ficas en la colecci\u00f3n de Toledo\u201d que se presentar\u00e1 en la Sala temporal del Museo de la UG.<\/p>\n\n\n\n<p>Las exposiciones individuales del artista son las siguientes: \u201cInforme para una academia. Franz Kafka\u201d (Corredor Art\u00edstico Tomas Ch\u00e1vez Morado), \u201cF\u00e1bulas de Esopo\u201d (Univerciudad Casa El Nigromante, en San Miguel de Allende),&nbsp;Procesos. Francisco Toledo (Galer\u00eda Hermenegildo Bustos) y Carteles. Francisco Toledo (Galer\u00eda el Atrio).<\/p>\n\n\n\n<p>Las exposiciones colectivas donde habr\u00e1 obra del artista son: Lu\u00b4 Bianni: Francisco Toledo y la fotograf\u00eda (Galer\u00eda Polivalente), en Univerciudad Barrio Arriba, en Le\u00f3n, se encontrar\u00e1 \u201cCarteles por el agua\u201d, mientras que en Univerciudad El Copal, en Irapuato, se instalar\u00e1 \u201cCarteles por la soberan\u00eda alimentaria\u201d, (ambas exposiciones son resultado de las convocatorias de la Bienal Internacional de Cartel, emitidas por el IAGO).<\/p>\n\n\n\n<p>Visita www.cultura.ugto.mx\/ para conocer los detalles sobre las exposiciones y la participaci\u00f3n de la UG en el 52 FIC.<\/p>\n","protected":false},"excerpt":{"rendered":"<p>Redacci\u00f3n\/Zona Roja. Oaxaca de Ju\u00e1rez, Oax., a 17 de septiembre de 2024.- La Universidad de&hellip;<\/p>\n","protected":false},"author":2,"featured_media":72521,"comment_status":"closed","ping_status":"open","sticky":false,"template":"","format":"standard","meta":{"_lmt_disableupdate":"","_lmt_disable":"","_jetpack_memberships_contains_paid_content":false,"footnotes":""},"categories":[109,46],"tags":[677],"class_list":["post-72520","post","type-post","status-publish","format-standard","has-post-thumbnail","hentry","category-minuto-a-minuto","category-zona-blanca","tag-francisco-toledo"],"jetpack_featured_media_url":"https:\/\/zonaroja.com.mx\/wp-content\/uploads\/2024\/09\/Francisco-Toledo-foto-IAGO.jpg","jetpack_sharing_enabled":true,"_links":{"self":[{"href":"https:\/\/zonaroja.com.mx\/index.php?rest_route=\/wp\/v2\/posts\/72520","targetHints":{"allow":["GET"]}}],"collection":[{"href":"https:\/\/zonaroja.com.mx\/index.php?rest_route=\/wp\/v2\/posts"}],"about":[{"href":"https:\/\/zonaroja.com.mx\/index.php?rest_route=\/wp\/v2\/types\/post"}],"author":[{"embeddable":true,"href":"https:\/\/zonaroja.com.mx\/index.php?rest_route=\/wp\/v2\/users\/2"}],"replies":[{"embeddable":true,"href":"https:\/\/zonaroja.com.mx\/index.php?rest_route=%2Fwp%2Fv2%2Fcomments&post=72520"}],"version-history":[{"count":1,"href":"https:\/\/zonaroja.com.mx\/index.php?rest_route=\/wp\/v2\/posts\/72520\/revisions"}],"predecessor-version":[{"id":72522,"href":"https:\/\/zonaroja.com.mx\/index.php?rest_route=\/wp\/v2\/posts\/72520\/revisions\/72522"}],"wp:featuredmedia":[{"embeddable":true,"href":"https:\/\/zonaroja.com.mx\/index.php?rest_route=\/wp\/v2\/media\/72521"}],"wp:attachment":[{"href":"https:\/\/zonaroja.com.mx\/index.php?rest_route=%2Fwp%2Fv2%2Fmedia&parent=72520"}],"wp:term":[{"taxonomy":"category","embeddable":true,"href":"https:\/\/zonaroja.com.mx\/index.php?rest_route=%2Fwp%2Fv2%2Fcategories&post=72520"},{"taxonomy":"post_tag","embeddable":true,"href":"https:\/\/zonaroja.com.mx\/index.php?rest_route=%2Fwp%2Fv2%2Ftags&post=72520"}],"curies":[{"name":"wp","href":"https:\/\/api.w.org\/{rel}","templated":true}]}}