{"id":72526,"date":"2024-09-17T17:56:40","date_gmt":"2024-09-17T23:56:40","guid":{"rendered":"https:\/\/zonaroja.com.mx\/?p=72526"},"modified":"2024-09-17T17:56:42","modified_gmt":"2024-09-17T23:56:42","slug":"vinculan-a-proceso-a-presunto-autor-de-masacre-en-mitlatongo","status":"publish","type":"post","link":"https:\/\/zonaroja.com.mx\/?p=72526","title":{"rendered":"Vinculan a proceso a presunto autor de masacre en Mitlatongo"},"content":{"rendered":"\n<p>Redacci\u00f3n\/Zona Roja.<\/p>\n\n\n\n<p>Oaxaca de Ju\u00e1rez, Oax. 17 de septiembre de 2024.- La Fiscal\u00eda General del Estado de Oaxaca (FGEO)&nbsp; obtuvo auto de vinculaci\u00f3n a proceso contra una persona del sexo masculino identificada como L. C. L., por el delito de homicidio calificado en agravio de nueve personas originarias de Santiago Mitlatongo, que perdieron la vida tras una emboscada, ocurrida en un paraje de la regi\u00f3n de la Mixteca.<\/p>\n\n\n\n<p>De acuerdo con el expediente penal del caso, los hechos ocurrieron el 25 de noviembre de 2023, cuando las v\u00edctimas viajaban a bordo de una camioneta de pasajeros de Santiago Mitlatongo con destino a Asunci\u00f3n Nochixtl\u00e1n, sin embargo, en inmediaciones de la agencia de Guadalupe Victoria fueron interceptados por un grupo de hombres armados quienes accionaron armas de fuego en su contra.<\/p>\n\n\n\n<p>La investigaci\u00f3n revela que, por estos hechos, nueve personas perdieron la vida, se trata de C.L.P.B., S.A.L.B., C.J.L.C, J.S.B., Z.B.B., J.G.L.B., E.S.B.L., M.B.L., y L.L.L., mientras que otras cuatro resultaron con lesiones, entre ellas tres mujeres: C.L.L., V.H.L.B., y E.L.L., as\u00ed como un hombre con iniciales D.S.B.<\/p>\n\n\n\n<p>Por estos hechos y tras labores de investigaci\u00f3n ministerial realizada por la Vicefiscal\u00eda de Regional de la Mixteca dependiente de la FGEO, L.C.L. fue aprehendido el 20 de agosto de 2024 en el barrio de Las Flores, perteneciente al municipio de Asunci\u00f3n Nochixtl\u00e1n en la regi\u00f3n Mixteca.<\/p>\n\n\n\n<p>Una vez valorados los datos de prueba que la FGEO aport\u00f3 para el proceso, el Juez que atiende la causa comunic\u00f3 la imputaci\u00f3n en contra de L.C.L. y posteriormente, dict\u00f3 auto de vinculaci\u00f3n a proceso, a quien impuso la medida cautelar de prisi\u00f3n preventiva y otorg\u00f3 dos meses para el cierre de la investigaci\u00f3n complementaria.<\/p>\n\n\n\n<p>La Fiscal\u00eda General de Oaxaca refrenda su compromiso de seguir trabajando para que este hecho no quede impune y asimismo, brindar atenci\u00f3n a todos los casos de delitos de alto impacto para garantizar a las v\u00edctimas directas e indirectas un adecuado acceso a los procesos de procuraci\u00f3n de justicia.<\/p>\n","protected":false},"excerpt":{"rendered":"<p>Redacci\u00f3n\/Zona Roja. Oaxaca de Ju\u00e1rez, Oax. 17 de septiembre de 2024.- La Fiscal\u00eda General del&hellip;<\/p>\n","protected":false},"author":2,"featured_media":71632,"comment_status":"closed","ping_status":"open","sticky":false,"template":"","format":"standard","meta":{"_lmt_disableupdate":"","_lmt_disable":"","_jetpack_memberships_contains_paid_content":false,"footnotes":""},"categories":[109,46],"tags":[494,1666],"class_list":["post-72526","post","type-post","status-publish","format-standard","has-post-thumbnail","hentry","category-minuto-a-minuto","category-zona-blanca","tag-fiscalia-general-del-estado-de-oaxaca","tag-santiago-mitlatongo"],"jetpack_featured_media_url":"https:\/\/zonaroja.com.mx\/wp-content\/uploads\/2024\/08\/Detenido-masacre-Mitlatongo.jpeg","jetpack_sharing_enabled":true,"_links":{"self":[{"href":"https:\/\/zonaroja.com.mx\/index.php?rest_route=\/wp\/v2\/posts\/72526","targetHints":{"allow":["GET"]}}],"collection":[{"href":"https:\/\/zonaroja.com.mx\/index.php?rest_route=\/wp\/v2\/posts"}],"about":[{"href":"https:\/\/zonaroja.com.mx\/index.php?rest_route=\/wp\/v2\/types\/post"}],"author":[{"embeddable":true,"href":"https:\/\/zonaroja.com.mx\/index.php?rest_route=\/wp\/v2\/users\/2"}],"replies":[{"embeddable":true,"href":"https:\/\/zonaroja.com.mx\/index.php?rest_route=%2Fwp%2Fv2%2Fcomments&post=72526"}],"version-history":[{"count":1,"href":"https:\/\/zonaroja.com.mx\/index.php?rest_route=\/wp\/v2\/posts\/72526\/revisions"}],"predecessor-version":[{"id":72527,"href":"https:\/\/zonaroja.com.mx\/index.php?rest_route=\/wp\/v2\/posts\/72526\/revisions\/72527"}],"wp:featuredmedia":[{"embeddable":true,"href":"https:\/\/zonaroja.com.mx\/index.php?rest_route=\/wp\/v2\/media\/71632"}],"wp:attachment":[{"href":"https:\/\/zonaroja.com.mx\/index.php?rest_route=%2Fwp%2Fv2%2Fmedia&parent=72526"}],"wp:term":[{"taxonomy":"category","embeddable":true,"href":"https:\/\/zonaroja.com.mx\/index.php?rest_route=%2Fwp%2Fv2%2Fcategories&post=72526"},{"taxonomy":"post_tag","embeddable":true,"href":"https:\/\/zonaroja.com.mx\/index.php?rest_route=%2Fwp%2Fv2%2Ftags&post=72526"}],"curies":[{"name":"wp","href":"https:\/\/api.w.org\/{rel}","templated":true}]}}