{"id":72528,"date":"2024-09-17T18:30:00","date_gmt":"2024-09-18T00:30:00","guid":{"rendered":"https:\/\/zonaroja.com.mx\/?p=72528"},"modified":"2024-09-17T18:00:52","modified_gmt":"2024-09-18T00:00:52","slug":"comparece-secretario-de-economia-ante-cabildo-de-oaxaca-capital","status":"publish","type":"post","link":"https:\/\/zonaroja.com.mx\/?p=72528","title":{"rendered":"Comparece secretario de Econom\u00eda ante Cabildo de Oaxaca capital"},"content":{"rendered":"\n<p>Redacci\u00f3n\/Zona Roja.&nbsp;<\/p>\n\n\n\n<p>Oaxaca de Ju\u00e1rez, Oax.,17 de septiembre de 2024.- La ma\u00f1ana de este martes 17 de septiembre, el secretario de Desarrollo Econ\u00f3mico de Oaxaca de Ju\u00e1rez, Jos\u00e9 Manuel V\u00e1squez C\u00f3rdova, compareci\u00f3 ante los concejales, tal como se acord\u00f3 en sesi\u00f3n de Cabildo.<\/p>\n\n\n\n<p>Con la presencia del presidente municipal, Francisco Mart\u00ednez Neri, y regidoras y regidores, se llev\u00f3 a cabo la comparecencia del funcionario a petici\u00f3n de la regidora de Desarrollo Econ\u00f3mico y Mejora Regulatoria, Irasema Aquino Gonz\u00e1lez.<\/p>\n\n\n\n<p>En su exposici\u00f3n, el secretario de Desarrollo Econ\u00f3mico present\u00f3 un informe sobre las actividades que realizan cotidianamente las diferentes \u00e1reas adscritas a esa dependencia, con el fin de contextualizar la sesi\u00f3n y que los integrantes del Cabildo tuviesen conocimiento del trabajo que desempe\u00f1a la secretar\u00eda.&nbsp;<\/p>\n\n\n\n<p>Posterior a la exposici\u00f3n de V\u00e1squez C\u00f3rdoba, se procedi\u00f3 con la sesi\u00f3n de preguntas y respuestas por parte de los concejales presentes, con los que se abri\u00f3 un di\u00e1logo que tuvo por objetivo disipar dudas y aclarar diversas inquietudes expresadas en anteriores sesiones de Cabildo.<\/p>\n\n\n\n<p>Tras responder diversos cuestionamientos sobre el trabajo que realiza la Secretar\u00eda de Desarrollo Econ\u00f3mico en funci\u00f3n de sus atribuciones reglamentarias, el funcionario escuch\u00f3 las reflexiones de regidoras y el regidor, presentes en la reuni\u00f3n.&nbsp;<\/p>\n\n\n\n<p>Una vez concluida la comparecencia, el presidente municipal, Francisco Mart\u00ednez Neri, expres\u00f3 que fue un ejercicio positivo, en virtud de que se aclaran dudas y se puntualizan \u00e1reas de oportunidad para mejorar la administraci\u00f3n p\u00fablica.&nbsp;<\/p>\n\n\n\n<p>\u201cUna comparecencia tiene diversos matices. El trabajo no est\u00e1 exento de cr\u00edticas, pero estas deben servirnos para mejorar\u201d, destac\u00f3 el edil.&nbsp;<\/p>\n\n\n\n<p>Adem\u00e1s, enfatiz\u00f3 la necesidad de un compromiso serio y total por parte de las y los servidores p\u00fablicos en beneficio de la ciudadan\u00eda, y se\u00f1al\u00f3 que las decisiones que se tomen deben estar basadas en los resultados de estas reuniones de trabajo.<\/p>\n\n\n\n<p>El presidente municipal instruy\u00f3 al secretario de Desarrollo Econ\u00f3mico a que se atiendan de inmediato los temas abordados durante la comparecencia, muchos de los cuales requieren acciones espec\u00edficas y atenci\u00f3n puntual.<\/p>\n","protected":false},"excerpt":{"rendered":"<p>Redacci\u00f3n\/Zona Roja.&nbsp; Oaxaca de Ju\u00e1rez, Oax.,17 de septiembre de 2024.- La ma\u00f1ana de este martes&hellip;<\/p>\n","protected":false},"author":2,"featured_media":72529,"comment_status":"closed","ping_status":"open","sticky":false,"template":"","format":"standard","meta":{"_lmt_disableupdate":"","_lmt_disable":"","_jetpack_memberships_contains_paid_content":false,"footnotes":""},"categories":[109,46],"tags":[148],"class_list":["post-72528","post","type-post","status-publish","format-standard","has-post-thumbnail","hentry","category-minuto-a-minuto","category-zona-blanca","tag-oaxaca-de-juarez"],"jetpack_featured_media_url":"https:\/\/zonaroja.com.mx\/wp-content\/uploads\/2024\/09\/Comparecencia-secretario-de-Desarrollo-Economico-Oaxaca.jpeg","jetpack_sharing_enabled":true,"_links":{"self":[{"href":"https:\/\/zonaroja.com.mx\/index.php?rest_route=\/wp\/v2\/posts\/72528","targetHints":{"allow":["GET"]}}],"collection":[{"href":"https:\/\/zonaroja.com.mx\/index.php?rest_route=\/wp\/v2\/posts"}],"about":[{"href":"https:\/\/zonaroja.com.mx\/index.php?rest_route=\/wp\/v2\/types\/post"}],"author":[{"embeddable":true,"href":"https:\/\/zonaroja.com.mx\/index.php?rest_route=\/wp\/v2\/users\/2"}],"replies":[{"embeddable":true,"href":"https:\/\/zonaroja.com.mx\/index.php?rest_route=%2Fwp%2Fv2%2Fcomments&post=72528"}],"version-history":[{"count":1,"href":"https:\/\/zonaroja.com.mx\/index.php?rest_route=\/wp\/v2\/posts\/72528\/revisions"}],"predecessor-version":[{"id":72530,"href":"https:\/\/zonaroja.com.mx\/index.php?rest_route=\/wp\/v2\/posts\/72528\/revisions\/72530"}],"wp:featuredmedia":[{"embeddable":true,"href":"https:\/\/zonaroja.com.mx\/index.php?rest_route=\/wp\/v2\/media\/72529"}],"wp:attachment":[{"href":"https:\/\/zonaroja.com.mx\/index.php?rest_route=%2Fwp%2Fv2%2Fmedia&parent=72528"}],"wp:term":[{"taxonomy":"category","embeddable":true,"href":"https:\/\/zonaroja.com.mx\/index.php?rest_route=%2Fwp%2Fv2%2Fcategories&post=72528"},{"taxonomy":"post_tag","embeddable":true,"href":"https:\/\/zonaroja.com.mx\/index.php?rest_route=%2Fwp%2Fv2%2Ftags&post=72528"}],"curies":[{"name":"wp","href":"https:\/\/api.w.org\/{rel}","templated":true}]}}