{"id":72531,"date":"2024-09-17T18:04:31","date_gmt":"2024-09-18T00:04:31","guid":{"rendered":"https:\/\/zonaroja.com.mx\/?p=72531"},"modified":"2024-09-17T18:04:33","modified_gmt":"2024-09-18T00:04:33","slug":"levantan-varias-horas-a-hijo-de-periodista-en-culiacan-en-morelos-golpean-a-reportero","status":"publish","type":"post","link":"https:\/\/zonaroja.com.mx\/?p=72531","title":{"rendered":"Levantan varias horas a hijo de periodista en Culiac\u00e1n; en Morelos, golpean a reportero"},"content":{"rendered":"\n<p>Redacci\u00f3n\/Zona Roja Cdmx.<\/p>\n\n\n\n<p>Ciudad de M\u00e9xico, a 17 de septiembre de 2024.- La Comisi\u00f3n Estatal de B\u00fasqueda de Personas de Sinaloa dio a conocer que David Eduardo Mart\u00ednez Meraz, de 20 a\u00f1os de edad, hijo del reportero Ernesto Mart\u00ednez, del portal electr\u00f3nico \u201cLos Noticieristas\u201d, fue \u201clevantado\u201d ayer junto con otros dos j\u00f3venes en la colonia Prados del Sur en Culiac\u00e1n, cuando conduc\u00eda un taxi de plataforma de aplicaci\u00f3n.<\/p>\n\n\n\n<p>El plagio de David Eduardo y de sus acompa\u00f1antes, quienes fueron identificados como Antonio Guadalupe y Ezequiel Alejandro Jasso \u2013ambos tambi\u00e9n de 20 a\u00f1os\u2013, fue perpetrado en la calle Islas C\u00edclidas, entre Mar de Tasmania y Mar del Coral, ayer alrededor de las 11:20 horas.<\/p>\n\n\n\n<p>Se inform\u00f3 que David Eduardo fue hallado con vida, pero no se dieron detalles del paradero de quienes estaban con \u00e9l.<\/p>\n\n\n\n<p>Mientras, el reportero Francisco Cede\u00f1o fue agredido y golpeado por elementos de la Secretar\u00eda de Seguridad P\u00fablica del municipio de Ayala, Morelos, cuando documentaba ayer las detenciones arbitrarias de j\u00f3venes motociclistas, a quienes los uniformados exig\u00edan 4 mil 500 pesos para dejarlos libres con sus veh\u00edculos.<\/p>\n\n\n\n<p>La fiscal\u00eda morelense dio a conocer que\u201cFrancisco Cede\u00f1o Guerrero se encuentra recibiendo atenci\u00f3n m\u00e9dica en un centro hospitalario, donde tambi\u00e9n se encuentran elementos de la Agencia de Investigaci\u00f3n Criminal recabando la declaraci\u00f3n al periodista, y ser\u00e1 en un momento m\u00e1s cuando con la intervenci\u00f3n del m\u00e9dico legista se realice la clasificaci\u00f3n de sus lesiones, actuaciones que ser\u00e1n integradas en la respectiva carpeta de investigaci\u00f3n\u201d.<\/p>\n\n\n\n<p>(Informaci\u00f3n de \u201cLa Jornada\u201d)<\/p>\n","protected":false},"excerpt":{"rendered":"<p>Redacci\u00f3n\/Zona Roja Cdmx. Ciudad de M\u00e9xico, a 17 de septiembre de 2024.- La Comisi\u00f3n Estatal&hellip;<\/p>\n","protected":false},"author":2,"featured_media":65270,"comment_status":"closed","ping_status":"open","sticky":false,"template":"","format":"standard","meta":{"_lmt_disableupdate":"","_lmt_disable":"","_jetpack_memberships_contains_paid_content":false,"footnotes":""},"categories":[109,47],"tags":[3554],"class_list":["post-72531","post","type-post","status-publish","format-standard","has-post-thumbnail","hentry","category-minuto-a-minuto","category-zona-gris","tag-agresion-a-periodistas-en-mexico"],"jetpack_featured_media_url":"https:\/\/zonaroja.com.mx\/wp-content\/uploads\/2024\/02\/Prensa-agresiones-a-periodistas-protesta.jpeg","jetpack_sharing_enabled":true,"_links":{"self":[{"href":"https:\/\/zonaroja.com.mx\/index.php?rest_route=\/wp\/v2\/posts\/72531","targetHints":{"allow":["GET"]}}],"collection":[{"href":"https:\/\/zonaroja.com.mx\/index.php?rest_route=\/wp\/v2\/posts"}],"about":[{"href":"https:\/\/zonaroja.com.mx\/index.php?rest_route=\/wp\/v2\/types\/post"}],"author":[{"embeddable":true,"href":"https:\/\/zonaroja.com.mx\/index.php?rest_route=\/wp\/v2\/users\/2"}],"replies":[{"embeddable":true,"href":"https:\/\/zonaroja.com.mx\/index.php?rest_route=%2Fwp%2Fv2%2Fcomments&post=72531"}],"version-history":[{"count":1,"href":"https:\/\/zonaroja.com.mx\/index.php?rest_route=\/wp\/v2\/posts\/72531\/revisions"}],"predecessor-version":[{"id":72532,"href":"https:\/\/zonaroja.com.mx\/index.php?rest_route=\/wp\/v2\/posts\/72531\/revisions\/72532"}],"wp:featuredmedia":[{"embeddable":true,"href":"https:\/\/zonaroja.com.mx\/index.php?rest_route=\/wp\/v2\/media\/65270"}],"wp:attachment":[{"href":"https:\/\/zonaroja.com.mx\/index.php?rest_route=%2Fwp%2Fv2%2Fmedia&parent=72531"}],"wp:term":[{"taxonomy":"category","embeddable":true,"href":"https:\/\/zonaroja.com.mx\/index.php?rest_route=%2Fwp%2Fv2%2Fcategories&post=72531"},{"taxonomy":"post_tag","embeddable":true,"href":"https:\/\/zonaroja.com.mx\/index.php?rest_route=%2Fwp%2Fv2%2Ftags&post=72531"}],"curies":[{"name":"wp","href":"https:\/\/api.w.org\/{rel}","templated":true}]}}