{"id":72533,"date":"2024-09-18T07:20:00","date_gmt":"2024-09-18T13:20:00","guid":{"rendered":"https:\/\/zonaroja.com.mx\/?p=72533"},"modified":"2024-09-18T06:41:19","modified_gmt":"2024-09-18T12:41:19","slug":"identifican-a-individuo-asesinado-en-ocotlan-oaxaca","status":"publish","type":"post","link":"https:\/\/zonaroja.com.mx\/?p=72533","title":{"rendered":"Identifican a individuo asesinado en Ocotl\u00e1n, Oaxaca"},"content":{"rendered":"\n<p>Raymundo Morales\/Zona Roja.<\/p>\n\n\n\n<p>Oaxaca de Ju\u00e1rez, Oax., a 18 de septiembre de 2024.- Como Nah\u00fam H. M., de aproximadamente 34 a\u00f1os de edad, fue identificado el hombre asesinado a balazos ayer por la tarde, en Ocotl\u00e1n de Morelos, municipio de la regi\u00f3n Valles Centrales.<\/p>\n\n\n\n<p>Con este caso, sumaron cuatro cr\u00edmenes los registrados en Oaxaca en el transcurso de este martes, tres de ellos en la regi\u00f3n del Istmo, de los cuales uno corresponde a una femenina.<\/p>\n\n\n\n<p>Ayer poco despu\u00e9s de las 17:00 horas, un individuo caminaba sobre la calle Justo Sierra de la agencia de Santa Mar\u00eda Tocuela, Ocotl\u00e1n, pero al llegar a la esquina con Ayuntamiento, fue acribillado por sujetos desconocidos.<\/p>\n\n\n\n<p>Al escuchar los disparos, los vecinos llamaron de inmediato a los polic\u00edas pero el hombre ya hab\u00eda perdido la vida, mientras que los probables agresores lograron escapar.<\/p>\n\n\n\n<p>Personal de la Fiscal\u00eda General del Estado de Oaxaca arrib\u00f3 posteriormente para iniciar las indagatorias correspondientes con la finalidad de esclarecer el caso.<\/p>\n\n\n\n<p>Por otra parte, como se inform\u00f3, dos personas fueron asesinadas ayer martes en Juchit\u00e1n de Zaragoza, en dos hechos distintos; un cuerpo se hall\u00f3 maniatado, con huellas de tortura y embolsado.<\/p>\n\n\n\n<p>Mientras que en el municipio de Santa Mar\u00eda Xadani una mujer fue ultimada a balazos presuntamente al resistirse a un asalto en su domicilio; en Pinotepa de Don Luis, otro hombre fue asesinado con arma blanca.<\/p>\n","protected":false},"excerpt":{"rendered":"<p>Raymundo Morales\/Zona Roja. Oaxaca de Ju\u00e1rez, Oax., a 18 de septiembre de 2024.- Como Nah\u00fam&hellip;<\/p>\n","protected":false},"author":2,"featured_media":72534,"comment_status":"closed","ping_status":"open","sticky":false,"template":"","format":"standard","meta":{"_lmt_disableupdate":"","_lmt_disable":"","_jetpack_memberships_contains_paid_content":false,"footnotes":""},"categories":[109,51],"tags":[835],"class_list":["post-72533","post","type-post","status-publish","format-standard","has-post-thumbnail","hentry","category-minuto-a-minuto","category-zona-roja","tag-ocotlan-de-morelos"],"jetpack_featured_media_url":"https:\/\/zonaroja.com.mx\/wp-content\/uploads\/2024\/09\/Asesinado-Tocuela-Ocotlan.jpeg","jetpack_sharing_enabled":true,"_links":{"self":[{"href":"https:\/\/zonaroja.com.mx\/index.php?rest_route=\/wp\/v2\/posts\/72533","targetHints":{"allow":["GET"]}}],"collection":[{"href":"https:\/\/zonaroja.com.mx\/index.php?rest_route=\/wp\/v2\/posts"}],"about":[{"href":"https:\/\/zonaroja.com.mx\/index.php?rest_route=\/wp\/v2\/types\/post"}],"author":[{"embeddable":true,"href":"https:\/\/zonaroja.com.mx\/index.php?rest_route=\/wp\/v2\/users\/2"}],"replies":[{"embeddable":true,"href":"https:\/\/zonaroja.com.mx\/index.php?rest_route=%2Fwp%2Fv2%2Fcomments&post=72533"}],"version-history":[{"count":1,"href":"https:\/\/zonaroja.com.mx\/index.php?rest_route=\/wp\/v2\/posts\/72533\/revisions"}],"predecessor-version":[{"id":72535,"href":"https:\/\/zonaroja.com.mx\/index.php?rest_route=\/wp\/v2\/posts\/72533\/revisions\/72535"}],"wp:featuredmedia":[{"embeddable":true,"href":"https:\/\/zonaroja.com.mx\/index.php?rest_route=\/wp\/v2\/media\/72534"}],"wp:attachment":[{"href":"https:\/\/zonaroja.com.mx\/index.php?rest_route=%2Fwp%2Fv2%2Fmedia&parent=72533"}],"wp:term":[{"taxonomy":"category","embeddable":true,"href":"https:\/\/zonaroja.com.mx\/index.php?rest_route=%2Fwp%2Fv2%2Fcategories&post=72533"},{"taxonomy":"post_tag","embeddable":true,"href":"https:\/\/zonaroja.com.mx\/index.php?rest_route=%2Fwp%2Fv2%2Ftags&post=72533"}],"curies":[{"name":"wp","href":"https:\/\/api.w.org\/{rel}","templated":true}]}}