{"id":72536,"date":"2024-09-18T08:20:00","date_gmt":"2024-09-18T14:20:00","guid":{"rendered":"https:\/\/zonaroja.com.mx\/?p=72536"},"modified":"2024-09-18T06:46:11","modified_gmt":"2024-09-18T12:46:11","slug":"garcia-luna-senala-presuntos-nexos-entre-amlo-y-narcotraficantes","status":"publish","type":"post","link":"https:\/\/zonaroja.com.mx\/?p=72536","title":{"rendered":"Garc\u00eda Luna se\u00f1ala presuntos nexos entre AMLO y narcotraficantes"},"content":{"rendered":"\n<p>Redacci\u00f3n\/Zona Roja Cdmx.<\/p>\n\n\n\n<p>Ciudad de M\u00e9xico, a 18 de septiembre de 2024.- El exsecretario de Seguridad P\u00fablica, Genaro Garc\u00eda Luna, afirm\u00f3 en una carta que existe&nbsp; evidencia de los presuntos nexos entre el presidente Andr\u00e9s Manuel L\u00f3pez Obrador y sus operadores con l\u00edderes del narcotr\u00e1fico y sus familias.<\/p>\n\n\n\n<p>\u201cEs de conocimiento p\u00fablico y est\u00e1 en los registros oficiales de M\u00e9xico y EUA los contactos, videos, audios, fotograf\u00edas, registros de comunicaci\u00f3n y gesti\u00f3n entre el actual Presidente de M\u00e9xico AMLO (Andr\u00e9s Manuel L\u00f3pez Obrador) y sus operadores con los l\u00edderes del narcotr\u00e1fico y sus familias; en particular los narcotraficantes que fueron utilizados como testigos en mi contra durante el juicio, quienes inclusive durante el juicio imputaron al presidente L\u00f3pez Obrador y a sus operadores de estar vinculados con ellos y el narcotr\u00e1fico\u201d, sostuvo en el documento fechado el 13 de septiembre.<\/p>\n\n\n\n<p>Consider\u00f3 que sus alegaciones son corroboradas por la captura de Ismael \u2018El Mayo\u2019 Zambada y una carta emitida por el capo donde \u201cse\u00f1ala los v\u00ednculos del actual gobierno con \u00e9l y el narcotr\u00e1fico\u201d, as\u00ed como por la posici\u00f3n del gobierno contra la detenci\u00f3n del cofundador del C\u00e1rtel de Sinaloa, y el desmantelamiento del Poder Judicial, \u201ccuyos principales beneficiarios son los criminales\u201d.<\/p>\n\n\n\n<p>Garc\u00eda Luna, quien espera su sentencia en prisi\u00f3n, denunci\u00f3 en la carta publicada por su abogado una represalia \u201cexplosiva\u201d de la Fiscal\u00eda de Nueva York por no aceptar un acuerdo de culpabilidad en 2019.<\/p>\n\n\n\n<p>El acuerdo le habr\u00eda permitido pasar solo seis meses en la c\u00e1rcel a cambio de inculparse e inculpar a otras personas en M\u00e9xico.<\/p>\n\n\n\n<p>\u201c(\u2026) reiteradamente me ofrecieron un acuerdo con la fiscal\u00eda de Nueva York para que me inculpara con delitos vinculados al narcotr\u00e1fico a cambio de estar detenido poco tiempo (6 meses) y recibir beneficios econ\u00f3micos, de esta forma convertirme en testigo\u201d, indic\u00f3 en una misiva escrita a mano y fechada el 13 de septiembre.<\/p>\n\n\n\n<p>\u201cLa perspectiva era imputar personas e instituciones que en el corto plazo debilitar\u00eda el desarrollo, paz p\u00fablica y vida institucional del pa\u00eds. Evidentemente no acept\u00e9 y la reacci\u00f3n fue explosiva\u201d, agrega Garc\u00eda Luna, quien relata un encarcelamiento de casi cinco a\u00f1os en \u201ccondiciones infrahumanas\u201d y defiende su inocencia.<\/p>\n\n\n\n<p>Garc\u00eda Luna, de 56 a\u00f1os, fue declarado culpable en febrero de 2023 de cinco cargos relacionados con el narcotr\u00e1fico de coca\u00edna y la direcci\u00f3n de una empresa criminal, el C\u00e1rtel de Sinaloa, tras un juicio con jurado celebrado en Nueva York, y afronta una sentencia m\u00e1xima de cadena perpetua el pr\u00f3ximo 9 de octubre.<\/p>\n\n\n\n<p>\u201cSin ninguna prueba en mi contra, con informaci\u00f3n falsa aportada por el Gobierno de M\u00e9xico y los testigos-criminales, y con la absoluta omisi\u00f3n de los fiscales en NO corroborar la existencia y veracidad de un solo dato o informaci\u00f3n aportada por ellos aun con la evidencia presentada por la defensa que acredita que es falsa, se llevar\u00e1 a cabo mi sentencia\u201d, dijo.<\/p>\n\n\n\n<p>Y durante su detenci\u00f3n de 58 meses en un penal de Brooklyn, revela: \u201cHe presenciado homicidios, apu\u00f1alamientos y amenazas constantes a mi integridad (\u2026) En dos ocasiones me asignaron compa\u00f1eros de celda que me grabaron m\u00e1s de dos mil horas, tratando de involucrarme en el narcotr\u00e1fico o en alg\u00fan delito\u201d.<\/p>\n\n\n\n<p>\u201cMi honor est\u00e1 intacto, yo no he cometido ning\u00fan delito\u201d, afirm\u00f3 Garc\u00eda Luna al final de su escrito, compartido con EFE por su abogado Cesar De Castro.<\/p>\n\n\n\n<p>Agreg\u00f3 que todo los respaldos y evidencia a la informaci\u00f3n que refiri\u00f3 en su carta est\u00e1n en los registros oficiales de la Corte de Brooklyn, Nueva York, y que son p\u00fablicos.<\/p>\n\n\n\n<p>(Informaci\u00f3n de Forbes M\u00e9xico)<\/p>\n","protected":false},"excerpt":{"rendered":"<p>Redacci\u00f3n\/Zona Roja Cdmx. Ciudad de M\u00e9xico, a 18 de septiembre de 2024.- El exsecretario de&hellip;<\/p>\n","protected":false},"author":2,"featured_media":72537,"comment_status":"closed","ping_status":"open","sticky":false,"template":"","format":"standard","meta":{"_lmt_disableupdate":"","_lmt_disable":"","_jetpack_memberships_contains_paid_content":false,"footnotes":""},"categories":[109,47],"tags":[1123],"class_list":["post-72536","post","type-post","status-publish","format-standard","has-post-thumbnail","hentry","category-minuto-a-minuto","category-zona-gris","tag-genaro-garcia-luna"],"jetpack_featured_media_url":"https:\/\/zonaroja.com.mx\/wp-content\/uploads\/2024\/09\/Genaro-Garcia-Luna-carta.webp","jetpack_sharing_enabled":true,"_links":{"self":[{"href":"https:\/\/zonaroja.com.mx\/index.php?rest_route=\/wp\/v2\/posts\/72536","targetHints":{"allow":["GET"]}}],"collection":[{"href":"https:\/\/zonaroja.com.mx\/index.php?rest_route=\/wp\/v2\/posts"}],"about":[{"href":"https:\/\/zonaroja.com.mx\/index.php?rest_route=\/wp\/v2\/types\/post"}],"author":[{"embeddable":true,"href":"https:\/\/zonaroja.com.mx\/index.php?rest_route=\/wp\/v2\/users\/2"}],"replies":[{"embeddable":true,"href":"https:\/\/zonaroja.com.mx\/index.php?rest_route=%2Fwp%2Fv2%2Fcomments&post=72536"}],"version-history":[{"count":1,"href":"https:\/\/zonaroja.com.mx\/index.php?rest_route=\/wp\/v2\/posts\/72536\/revisions"}],"predecessor-version":[{"id":72538,"href":"https:\/\/zonaroja.com.mx\/index.php?rest_route=\/wp\/v2\/posts\/72536\/revisions\/72538"}],"wp:featuredmedia":[{"embeddable":true,"href":"https:\/\/zonaroja.com.mx\/index.php?rest_route=\/wp\/v2\/media\/72537"}],"wp:attachment":[{"href":"https:\/\/zonaroja.com.mx\/index.php?rest_route=%2Fwp%2Fv2%2Fmedia&parent=72536"}],"wp:term":[{"taxonomy":"category","embeddable":true,"href":"https:\/\/zonaroja.com.mx\/index.php?rest_route=%2Fwp%2Fv2%2Fcategories&post=72536"},{"taxonomy":"post_tag","embeddable":true,"href":"https:\/\/zonaroja.com.mx\/index.php?rest_route=%2Fwp%2Fv2%2Ftags&post=72536"}],"curies":[{"name":"wp","href":"https:\/\/api.w.org\/{rel}","templated":true}]}}