{"id":72539,"date":"2024-09-18T09:20:00","date_gmt":"2024-09-18T15:20:00","guid":{"rendered":"https:\/\/zonaroja.com.mx\/?p=72539"},"modified":"2024-09-18T07:29:27","modified_gmt":"2024-09-18T13:29:27","slug":"mataron-a-cinco-personas-en-un-vehiculo-en-la-mixteca-ya-fueron-detenidos","status":"publish","type":"post","link":"https:\/\/zonaroja.com.mx\/?p=72539","title":{"rendered":"Mataron a cinco personas en un veh\u00edculo, en la Mixteca; ya fueron detenidos"},"content":{"rendered":"\n<p>Redacci\u00f3n\/Zona Roja.<\/p>\n\n\n\n<p>Oaxaca de Ju\u00e1rez, Oax., a 18 de septiembre de 2024.- Dos personas se\u00f1aladas de acribillar y matar a cinco personas en la regi\u00f3n Mixteca de Oaxaca, fueron detenidas y vinculadas a proceso.<\/p>\n\n\n\n<p>En un comunicado, la Fiscal\u00eda General del Estado de Oaxaca (FGEO) dio a conocer que se ejecut\u00f3 una orden de aprehensi\u00f3n en contra de dos personas del sexo masculino identificadas como R.C.B., y C.V.J.<\/p>\n\n\n\n<p>Est\u00e1n imputados por los delitos de Homicidio y Lesiones Calificadas cometidos en agravio de cinco personas, entre ellas tres mujeres, que en vida respondieron a los nombres de A.J.F.P., D.I.F.P. y S.G.L.P., as\u00ed como un hombre identificado como R.R.R., adem\u00e1s de un menor de edad; y de lesiones calificadas en contra de C.P.F.P., hechos cometidos en la regi\u00f3n de la Mixteca.<\/p>\n\n\n\n<p>De acuerdo con el expediente penal del caso, el 3 de julio de 2022, las v\u00edctimas viajaban a bordo de un veh\u00edculo sobre la carretera Huajuapan-Tamazola, a la altura de Guadalupe de Ram\u00edrez, cuando fueron atacadas con disparos de armas de fuego, infligiendo lesiones que le provocaron la muerte a A.J.F.P., D.I.F.P., S.G.L.P., R.R.R. y J.A.F.P, mientras que C.P.F.P. result\u00f3 con lesiones.<\/p>\n\n\n\n<p>Derivado de las investigaciones en torno al caso, la FGEO obtuvo una orden de aprehensi\u00f3n por lo que elementos de la Agencia Estatal de Investigaciones (AEI) dieron cumplimiento al mandato judicial y detuvieron a R.C.B., y C.V.J., quienes fueron puestos a disposici\u00f3n de la autoridad correspondiente para determinar su situaci\u00f3n jur\u00eddica.<\/p>\n\n\n\n<p>En audiencia, el Juez que atiende la causa decret\u00f3 como legal la detenci\u00f3n y comunic\u00f3 la imputaci\u00f3n en contra de R.C.B., y C.V.J., por los delitos de Homicidio y Lesiones Calificadas, quedando pendiente la fecha de audiencia de vinculaci\u00f3n a proceso.<\/p>\n","protected":false},"excerpt":{"rendered":"<p>Redacci\u00f3n\/Zona Roja. Oaxaca de Ju\u00e1rez, Oax., a 18 de septiembre de 2024.- Dos personas se\u00f1aladas&hellip;<\/p>\n","protected":false},"author":2,"featured_media":72540,"comment_status":"closed","ping_status":"open","sticky":false,"template":"","format":"standard","meta":{"_lmt_disableupdate":"","_lmt_disable":"","_jetpack_memberships_contains_paid_content":false,"footnotes":""},"categories":[109,46],"tags":[494],"class_list":["post-72539","post","type-post","status-publish","format-standard","has-post-thumbnail","hentry","category-minuto-a-minuto","category-zona-blanca","tag-fiscalia-general-del-estado-de-oaxaca"],"jetpack_featured_media_url":"https:\/\/zonaroja.com.mx\/wp-content\/uploads\/2024\/09\/Detenidos-asesinato-de-cinco-Mixteca.jpg","jetpack_sharing_enabled":true,"_links":{"self":[{"href":"https:\/\/zonaroja.com.mx\/index.php?rest_route=\/wp\/v2\/posts\/72539","targetHints":{"allow":["GET"]}}],"collection":[{"href":"https:\/\/zonaroja.com.mx\/index.php?rest_route=\/wp\/v2\/posts"}],"about":[{"href":"https:\/\/zonaroja.com.mx\/index.php?rest_route=\/wp\/v2\/types\/post"}],"author":[{"embeddable":true,"href":"https:\/\/zonaroja.com.mx\/index.php?rest_route=\/wp\/v2\/users\/2"}],"replies":[{"embeddable":true,"href":"https:\/\/zonaroja.com.mx\/index.php?rest_route=%2Fwp%2Fv2%2Fcomments&post=72539"}],"version-history":[{"count":1,"href":"https:\/\/zonaroja.com.mx\/index.php?rest_route=\/wp\/v2\/posts\/72539\/revisions"}],"predecessor-version":[{"id":72541,"href":"https:\/\/zonaroja.com.mx\/index.php?rest_route=\/wp\/v2\/posts\/72539\/revisions\/72541"}],"wp:featuredmedia":[{"embeddable":true,"href":"https:\/\/zonaroja.com.mx\/index.php?rest_route=\/wp\/v2\/media\/72540"}],"wp:attachment":[{"href":"https:\/\/zonaroja.com.mx\/index.php?rest_route=%2Fwp%2Fv2%2Fmedia&parent=72539"}],"wp:term":[{"taxonomy":"category","embeddable":true,"href":"https:\/\/zonaroja.com.mx\/index.php?rest_route=%2Fwp%2Fv2%2Fcategories&post=72539"},{"taxonomy":"post_tag","embeddable":true,"href":"https:\/\/zonaroja.com.mx\/index.php?rest_route=%2Fwp%2Fv2%2Ftags&post=72539"}],"curies":[{"name":"wp","href":"https:\/\/api.w.org\/{rel}","templated":true}]}}