{"id":72542,"date":"2024-09-18T10:29:00","date_gmt":"2024-09-18T16:29:00","guid":{"rendered":"https:\/\/zonaroja.com.mx\/?p=72542"},"modified":"2024-09-18T07:31:46","modified_gmt":"2024-09-18T13:31:46","slug":"cuestionan-ong-de-oaxaca-la-reforma-al-poder-judicial-federal","status":"publish","type":"post","link":"https:\/\/zonaroja.com.mx\/?p=72542","title":{"rendered":"Cuestionan ONG de Oaxaca la reforma al Poder Judicial federal"},"content":{"rendered":"\n<p>Ismael Garc\u00eda M.\/Zona Roja.<\/p>\n\n\n\n<p>Oaxaca de Ju\u00e1rez, Oax., a 19 de septiembre de 2024.- Organismos de la sociedad civil aglutinados en la Plataforma de Derechos Humanos de Oaxaca cuestionaron la eficacia de la reforma al Poder Judicial de la Federaci\u00f3n, aprobada la semana pasada por el Legislativo federal y los congresos estatales.<\/p>\n\n\n\n<p>\u201cNo la garantiza y tampoco resuelve el rezago que existe actualmente en nuestro pa\u00eds, en la impartici\u00f3n de justicia. Resulta evidente que el proceso legislativo privilegi\u00f3 la rapidez por encima de una discusi\u00f3n a profundidad.&nbsp;<\/p>\n\n\n\n<p>\u201cEllo pone en evidencia el control del Poder Ejecutivo sobre el Legislativo, y ahora sobre el Poder Judicial y socava la divisi\u00f3n de poderes y pone en peligro la independencia judicial que es propia de toda sociedad democr\u00e1tica\u201d, sostuvo.<\/p>\n\n\n\n<p>En un comunicado emitido ayer, la Plataforma de Derechos Humanos destac\u00f3 que la reforma propone la elecci\u00f3n de magistrados\/as y jueces\/as, la creaci\u00f3n del Tribunal de Disciplina Judicial entre sus temas centrales.&nbsp;<\/p>\n\n\n\n<p>\u201cPese a lo anterior, esto no basta para garantizar una justicia como la que se demanda d\u00eda con d\u00eda. Es necesario realizar una reforma de fondo y no de forma pues se debe incluir en la reforma aspectos claves en relaci\u00f3n con el debido proceso, la independencia judicial, los derechos de las v\u00edctimas, sin dejar de lado la necesidad de que los procesos sean verdaderamente \u00e1giles y sencillos, y no tan lentos y complejos como lo son en la actualidad\u201d.&nbsp;<\/p>\n\n\n\n<p>A\u00f1adi\u00f3 que hace falta incluir cambios en las fiscal\u00edas, en las Defensor\u00edas P\u00fablicas, los servicios periciales, las representaciones de las v\u00edctimas, as\u00ed como la profesionalizaci\u00f3n de las personas servidoras p\u00fablicas, entre otros aspectos, para concretar una verdadera reforma judicial.<\/p>\n\n\n\n<p>\u201cAun con los diversos candados establecidos en el proceso de elecci\u00f3n y selecci\u00f3n de jueces y magistrados, insistimos en la necesidad de garantizar procesos justos y transparentes, con base en capacidades y experiencia t\u00e9cnica para resolver los asuntos que se planteen.<\/p>\n\n\n\n<p>\u201cNo se trata de un cargo de elecci\u00f3n popular m\u00e1s como lo hacemos con los diputados o senadores, o incluso con los gobernadores o presidentes. Los operadores del sistema de justicia tienen que ser personas con la capacidad, conocimiento y experiencia necesarias en cada una de las materias, por ello se enfatiza: no podemos experimentar con la justicia\u201d, remarco.<\/p>\n\n\n\n<p>Abund\u00f3 que no se trata de empezar de cero sino de respetar los avances logrados en diversas materias, as\u00ed como la inclusi\u00f3n de est\u00e1ndares internacionales que garanticen la autonom\u00eda del Poder Judicial.&nbsp;<\/p>\n\n\n\n<p>\u201cLa sociedad en su conjunto debe prepararse para elegir de manera informada. Requerimos una sociedad cr\u00edtica, consciente de la relevancia de esta reforma, que apueste por un sistema de justicia que garantice los derechos humanos y no s\u00f3lo una votaci\u00f3n alimentada por alg\u00fan partido o persona que sea parte de los poderes Ejecutivo o Legislativo.<\/p>\n\n\n\n<p>\u201cAs\u00ed tambi\u00e9n, el Poder Judicial debe estar sujeto a los principios de interculturalidad y pluralismo jur\u00eddico, debe considerar la perspectiva de g\u00e9nero en sus resoluciones\u201d.<\/p>\n\n\n\n<p>Abund\u00f3 que, como Plataforma de Derechos Humanos, ven con preocupaci\u00f3n la ausencia de un esquema de rendici\u00f3n de cuentas en general, es decir no s\u00f3lo de la labor jurisdiccional como tal, sino de todo el aparato judicial.&nbsp;<\/p>\n\n\n\n<p>El documento lo signan las organizaciones Caminos A.C.; Centro de Acompa\u00f1amiento a Migrantes A.C.; Centro de Apoyo al Movimiento Popular Oaxaque\u00f1o A.C. (CAMPO); Centro de Derechos Ind\u00edgenas \u201cFlor y Canto\u201d A.C.; Centro de Estudios y Fortalecimiento Comunitario Mano Vuelta A.C.<\/p>\n\n\n\n<p>Centro Profesional Ind\u00edgena de Asesor\u00eda, Defensa y Traducci\u00f3n A.C. (Cepiadet); Centro Regional de Derechos Humanos \u201cBartolom\u00e9 Carrasco Brise\u00f1o\u201d A.C. (Barca DH), C\u00edrculo Profesional para la Formaci\u00f3n con Equidad de G\u00e9nero Nduva Ndandi A.C.; Colectivo de Mujeres de Ayutla;&nbsp;<\/p>\n\n\n\n<p>Comit\u00e9 de Defensa Integral de Derechos Humanos Gobixha A.C. (C\u00f3digo DH); Defensores por la Justicia; Iniciativas para el Desarrollo de la Mujer Oaxaque\u00f1a A.C. (IDEMO); Las Consejeras Oaxaca; Luna del Sur A.C.; Pi\u00f1a Palmera A.C.; Red Oaxaque\u00f1a de Mujeres Ind\u00edgenas Trenzando Saberes; Servicios para una Educaci\u00f3n Alternativa A.C. (EDUCA); Servicios del Pueblo Mixe A.C.; Tequio Jur\u00eddico A.C.<\/p>\n","protected":false},"excerpt":{"rendered":"<p>Ismael Garc\u00eda M.\/Zona Roja. Oaxaca de Ju\u00e1rez, Oax., a 19 de septiembre de 2024.- Organismos&hellip;<\/p>\n","protected":false},"author":2,"featured_media":72543,"comment_status":"closed","ping_status":"open","sticky":false,"template":"","format":"standard","meta":{"_lmt_disableupdate":"","_lmt_disable":"","_jetpack_memberships_contains_paid_content":false,"footnotes":""},"categories":[109,46],"tags":[4027],"class_list":["post-72542","post","type-post","status-publish","format-standard","has-post-thumbnail","hentry","category-minuto-a-minuto","category-zona-blanca","tag-reforma-al-poder-judicial"],"jetpack_featured_media_url":"https:\/\/zonaroja.com.mx\/wp-content\/uploads\/2024\/09\/Reforma-al-Poder-Judicial.jpeg","jetpack_sharing_enabled":true,"_links":{"self":[{"href":"https:\/\/zonaroja.com.mx\/index.php?rest_route=\/wp\/v2\/posts\/72542","targetHints":{"allow":["GET"]}}],"collection":[{"href":"https:\/\/zonaroja.com.mx\/index.php?rest_route=\/wp\/v2\/posts"}],"about":[{"href":"https:\/\/zonaroja.com.mx\/index.php?rest_route=\/wp\/v2\/types\/post"}],"author":[{"embeddable":true,"href":"https:\/\/zonaroja.com.mx\/index.php?rest_route=\/wp\/v2\/users\/2"}],"replies":[{"embeddable":true,"href":"https:\/\/zonaroja.com.mx\/index.php?rest_route=%2Fwp%2Fv2%2Fcomments&post=72542"}],"version-history":[{"count":1,"href":"https:\/\/zonaroja.com.mx\/index.php?rest_route=\/wp\/v2\/posts\/72542\/revisions"}],"predecessor-version":[{"id":72544,"href":"https:\/\/zonaroja.com.mx\/index.php?rest_route=\/wp\/v2\/posts\/72542\/revisions\/72544"}],"wp:featuredmedia":[{"embeddable":true,"href":"https:\/\/zonaroja.com.mx\/index.php?rest_route=\/wp\/v2\/media\/72543"}],"wp:attachment":[{"href":"https:\/\/zonaroja.com.mx\/index.php?rest_route=%2Fwp%2Fv2%2Fmedia&parent=72542"}],"wp:term":[{"taxonomy":"category","embeddable":true,"href":"https:\/\/zonaroja.com.mx\/index.php?rest_route=%2Fwp%2Fv2%2Fcategories&post=72542"},{"taxonomy":"post_tag","embeddable":true,"href":"https:\/\/zonaroja.com.mx\/index.php?rest_route=%2Fwp%2Fv2%2Ftags&post=72542"}],"curies":[{"name":"wp","href":"https:\/\/api.w.org\/{rel}","templated":true}]}}