{"id":72545,"date":"2024-09-18T11:40:00","date_gmt":"2024-09-18T17:40:00","guid":{"rendered":"https:\/\/zonaroja.com.mx\/?p=72545"},"modified":"2024-09-18T09:29:55","modified_gmt":"2024-09-18T15:29:55","slug":"ahora-aplanadora-morenista-va-por-transferir-guardia-nacional-a-sedena","status":"publish","type":"post","link":"https:\/\/zonaroja.com.mx\/?p=72545","title":{"rendered":"Ahora, aplanadora morenista va por transferir Guardia Nacional a Sedena"},"content":{"rendered":"\n<p>Redacci\u00f3n\/Zona Roja Cdmx.<\/p>\n\n\n\n<p>Ciudad de M\u00e9xico, a 18 de septiembre de 2024.- Morena y sus aliados se alistan a modificar, ahora, 12 art\u00edculos de la Constituci\u00f3n para que elementos militares asuman tareas de seguridad p\u00fablica, ya no con un plazo l\u00edmite hasta 2028, sino de forma permanente.<\/p>\n\n\n\n<p>Esa reforma ser\u00e1 la segunda batalla que dar\u00e1n en el Congreso la oposici\u00f3n y la nueva mayor\u00eda calificada de diputados y senadores conseguida por el llamado bloque de la Cuarta Transformaci\u00f3n.<\/p>\n\n\n\n<p>El coordinador de Morena en la C\u00e1mara de Diputados, Ricardo Monreal, inform\u00f3 que se discutir\u00e1 y votar\u00e1 el jueves.<\/p>\n\n\n\n<p>&nbsp;La iniciativa para reformar el car\u00e1cter de la Guardia Nacional (GN) fue una de las 20 enviadas por el presidente Andr\u00e9s Manuel L\u00f3pez el pasado cinco de febrero. Dentro del paquete hay cambios al art\u00edculo 2 de la Constituci\u00f3n en materia de pueblos y comunidades ind\u00edgenas y afromexicanas.<\/p>\n\n\n\n<p>Si bien esa segunda propuesta de reforma ser\u00e1 aprobada por unanimidad, no ser\u00e1 as\u00ed en el caso de la Guardia Nacional, en la que se prev\u00e9 un nuevo choque entre Morena y opositores.<\/p>\n\n\n\n<p>La iniciativa sobre Guardia Nacional fue dictaminada el 22 de agosto \u2013en la pasada legislatura\u2013 pasado en la Comisi\u00f3n de Puntos Constitucionales de la C\u00e1mara de Diputados.<\/p>\n\n\n\n<p>Fue aprobada en lo general con 22 votos a favor de Morena, Partido del Trabajo (PT) y Partido Verde (PVEM), pero los cambios recibieron 18 votos en contra de la oposici\u00f3n conformada por Acci\u00f3n Nacional (PAN), el Partido Revolucionario Institucional (PRI) y Movimiento Ciudadano (MC).<\/p>\n\n\n\n<p>Morena y sus aliados argumentaron que se trata de cambios que retoman las experiencias de la Ciudad de M\u00e9xico para que la Guardia Nacional (GN) tambi\u00e9n pueda investigar delitos y se coordine con el Ministerio P\u00fablico.<\/p>\n\n\n\n<p>La oposici\u00f3n, en cambio, alert\u00f3 el \u201cperfeccionamiento\u201d de la militarizaci\u00f3n, pues la Guardia Nacional \u2013apunt\u00f3\u2013 ya no ser\u00e1 por mandato de la Constituci\u00f3n civil y ya no habr\u00e1 plazo de retorno del Ej\u00e9rcito a los cuarteles en 2028.<\/p>\n\n\n\n<p>La reforma dar\u00e1 al Ejecutivo la facultad de ordenar su uso en tareas p\u00fablicas y adscribir\u00e1 a la Guardia en la esfera de la Secretar\u00eda de la Defensa Nacional (Sedena), contrario al r\u00e9gimen transitorio vigente, que indica que las labores de ese cuerpo en tareas de seguridad deber\u00edan ser \u201cexcepcionales, subordinadas, complementarias, reguladas y fiscalizadas\u201d.<\/p>\n\n\n\n<p>La iniciativa propone \u2013y as\u00ed se aprob\u00f3 el dictamen- adicionar una fracci\u00f3n VII al art\u00edculo 89 de la Constituci\u00f3n para dar a la persona titular del Ejecutivo Federal una nueva facultad: \u201cDisponer del Ej\u00e9rcito, de la Armada y de la Fuerza A\u00e9rea en tareas de apoyo a la seguridad p\u00fablica, en los t\u00e9rminos que se\u00f1ale la ley\u201d.<\/p>\n\n\n\n<p>En el art\u00edculo 21 propone eliminar el car\u00e1cter civil de la Guardia Nacional y adem\u00e1s se le adscribe a la Secretar\u00eda de la Defensa Nacional (Sedena) y ya no a la autoridad civil de la Secretar\u00eda de Seguridad y Protecci\u00f3n Ciudadana.<\/p>\n\n\n\n<p>La redacci\u00f3n vigente establece: \u201cLa Federaci\u00f3n contar\u00e1 con una instituci\u00f3n policial de car\u00e1cter civil denominada Guardia Nacional\u201d.<\/p>\n\n\n\n<p>Ahora el dictamen indica: \u201cLa Federaci\u00f3n cuenta con la Guardia Nacional, fuerza de seguridad p\u00fablica, profesional, de car\u00e1cter permanente e integrada por personal de origen militar con formaci\u00f3n policial, dependiente de la secretar\u00eda del ramo de defensa nacional, para ejecutar la Estrategia Nacional de Seguridad P\u00fablica en el \u00e1mbito de su competencia\u201d.<\/p>\n","protected":false},"excerpt":{"rendered":"<p>Redacci\u00f3n\/Zona Roja Cdmx. Ciudad de M\u00e9xico, a 18 de septiembre de 2024.- Morena y sus&hellip;<\/p>\n","protected":false},"author":2,"featured_media":72145,"comment_status":"closed","ping_status":"open","sticky":false,"template":"","format":"standard","meta":{"_lmt_disableupdate":"","_lmt_disable":"","_jetpack_memberships_contains_paid_content":false,"footnotes":""},"categories":[109,47],"tags":[278],"class_list":["post-72545","post","type-post","status-publish","format-standard","has-post-thumbnail","hentry","category-minuto-a-minuto","category-zona-gris","tag-guardia-nacional"],"jetpack_featured_media_url":"https:\/\/zonaroja.com.mx\/wp-content\/uploads\/2024\/09\/Guardia-Nacional.jpg","jetpack_sharing_enabled":true,"_links":{"self":[{"href":"https:\/\/zonaroja.com.mx\/index.php?rest_route=\/wp\/v2\/posts\/72545","targetHints":{"allow":["GET"]}}],"collection":[{"href":"https:\/\/zonaroja.com.mx\/index.php?rest_route=\/wp\/v2\/posts"}],"about":[{"href":"https:\/\/zonaroja.com.mx\/index.php?rest_route=\/wp\/v2\/types\/post"}],"author":[{"embeddable":true,"href":"https:\/\/zonaroja.com.mx\/index.php?rest_route=\/wp\/v2\/users\/2"}],"replies":[{"embeddable":true,"href":"https:\/\/zonaroja.com.mx\/index.php?rest_route=%2Fwp%2Fv2%2Fcomments&post=72545"}],"version-history":[{"count":1,"href":"https:\/\/zonaroja.com.mx\/index.php?rest_route=\/wp\/v2\/posts\/72545\/revisions"}],"predecessor-version":[{"id":72546,"href":"https:\/\/zonaroja.com.mx\/index.php?rest_route=\/wp\/v2\/posts\/72545\/revisions\/72546"}],"wp:featuredmedia":[{"embeddable":true,"href":"https:\/\/zonaroja.com.mx\/index.php?rest_route=\/wp\/v2\/media\/72145"}],"wp:attachment":[{"href":"https:\/\/zonaroja.com.mx\/index.php?rest_route=%2Fwp%2Fv2%2Fmedia&parent=72545"}],"wp:term":[{"taxonomy":"category","embeddable":true,"href":"https:\/\/zonaroja.com.mx\/index.php?rest_route=%2Fwp%2Fv2%2Fcategories&post=72545"},{"taxonomy":"post_tag","embeddable":true,"href":"https:\/\/zonaroja.com.mx\/index.php?rest_route=%2Fwp%2Fv2%2Ftags&post=72545"}],"curies":[{"name":"wp","href":"https:\/\/api.w.org\/{rel}","templated":true}]}}