{"id":7255,"date":"2020-01-03T17:11:33","date_gmt":"2020-01-03T23:11:33","guid":{"rendered":"http:\/\/www.zonaroja.com.mx\/?p=7255"},"modified":"2020-01-03T17:11:37","modified_gmt":"2020-01-03T23:11:37","slug":"dan-amparo-a-vera-carrizal-medida-aberrante-familia-de-maria-elena","status":"publish","type":"post","link":"https:\/\/zonaroja.com.mx\/?p=7255","title":{"rendered":"Dan amparo a Vera Carrizal; medida aberrante: familia de Mar\u00eda Elena"},"content":{"rendered":"\n<p>Ismael Garc\u00eda M.\/Zona Roja.<\/p>\n\n\n\n<p>Oaxaca de Ju\u00e1rez, Oax., 3 de enero de\n2020.- Tras el amparo federal otorgado al ex diputado local por el PVEM-PRI,\nJuan Antonio Vera Carrizal, ante cualquier orden de aprehensi\u00f3n, la familia de Mar\u00eda\nElena, la joven agredida con \u00e1cido, reproch\u00f3 la medida del Poder Judicial de la\nFederaci\u00f3n.<\/p>\n\n\n\n<p>\u201cDe acuerdo con la informaci\u00f3n\ndifundida en medios de comunicaci\u00f3n, el juez federal Cuarto de Distrito admiti\u00f3\nel juicio y concedi\u00f3 la suspensi\u00f3n provisional de cualquier acto de captura, a\ncambio pag\u00f3 una garant\u00eda de 3 mil 500 pesos, hecho que me parece aberrante ante\nla gravedad del acto cometido por Vera Carrizal, los cuales en el fondo ten\u00edan\nla intenci\u00f3n de arrebatarle la vida a mi Mar\u00eda Elena\u201d.<\/p>\n\n\n\n<p>As\u00ed se pronunci\u00f3 Silvia R\u00edos Ortiz,\nhermana de la v\u00edctima, a trav\u00e9s de un escrito dirigido al Presidente de la\nRep\u00fablica, Andr\u00e9s Manuel L\u00f3pez Obrador, as\u00ed como gobernador de Oaxaca,\nAlejandro Murat Hinojosa, e instancias del Poder Judicial federal y organismos\nde derechos humanos.<\/p>\n\n\n\n<p>\u201cSolicito y exijo a las instancias\ninvolucradas en actuar con rectitud, sin dar paso a actos que se puedan\nmalinterpretar y que s\u00f3lo pueda machar la procuraci\u00f3n y administraci\u00f3n de\njusticia.<\/p>\n\n\n\n<p>\u201cPido que la brutalidad, la sa\u00f1a e\nimpunidad no sean el mensaje oficial otorgando a Vera Carrizal un amparo para\nlibrar el castigo que merece ante tan cruel manera de violentar la vida de una\nmujer.<\/p>\n\n\n\n<p>\u201cPues advierto que si este caso queda\nen impunidad, si el responsable intelectual no es sancionado, quedar\u00e1 la puerta\nabierta para que otras personas, quienes ostentan poder y dinero, hagan de este\ncobarde acto una herramienta de actuaci\u00f3n\u201d, escribi\u00f3.<\/p>\n\n\n\n<p>\u201cHago menci\u00f3n al igual que anteriores\nveces que como familia tenemos miedo ante la venganza de Vera Carrizal, por lo\nque por este medio lo hago responsable de todo lo que en su momento nos llegue\na pasar\u201d, cierra el escrito firmado por Silvia R\u00edos Ortiz.<\/p>\n\n\n\n<p>Cabe precisar que de acuerdo con\ninformaci\u00f3n difundida por el diario local \u201cEL Imparcial\u201d, el amparo fue\ntramitado el pasado 27 de diciembre de 2019. <\/p>\n\n\n\n<p>\u201cSe concede la suspensi\u00f3n provisional\nsolicitada respecto del acto reclamado\u201d, refiere el expediente 1196\/ 2019 del Consejo\nde la Judicatura Federal; fue aprobado el 31 de diciembre pasado y se public\u00f3\neste 2 de enero. Como garant\u00eda, el juez federal requiri\u00f3 a Vera Carrizal un\npago de 3 mil 500 pesos.<\/p>\n","protected":false},"excerpt":{"rendered":"<p>Ismael Garc\u00eda M.\/Zona Roja. Oaxaca de Ju\u00e1rez, Oax., 3 de enero de 2020.- Tras el&hellip;<\/p>\n","protected":false},"author":2,"featured_media":7256,"comment_status":"closed","ping_status":"open","sticky":false,"template":"","format":"standard","meta":{"_lmt_disableupdate":"","_lmt_disable":"","_jetpack_memberships_contains_paid_content":false,"footnotes":""},"categories":[109,47],"tags":[1144,1124],"class_list":["post-7255","post","type-post","status-publish","format-standard","has-post-thumbnail","hentry","category-minuto-a-minuto","category-zona-gris","tag-juan-antonio-vera-carrizal","tag-maria-elena-rios-ortiz"],"jetpack_featured_media_url":"https:\/\/zonaroja.com.mx\/wp-content\/uploads\/2020\/01\/Caso-amparo-Vera-Carrizal.jpg","jetpack_sharing_enabled":true,"_links":{"self":[{"href":"https:\/\/zonaroja.com.mx\/index.php?rest_route=\/wp\/v2\/posts\/7255","targetHints":{"allow":["GET"]}}],"collection":[{"href":"https:\/\/zonaroja.com.mx\/index.php?rest_route=\/wp\/v2\/posts"}],"about":[{"href":"https:\/\/zonaroja.com.mx\/index.php?rest_route=\/wp\/v2\/types\/post"}],"author":[{"embeddable":true,"href":"https:\/\/zonaroja.com.mx\/index.php?rest_route=\/wp\/v2\/users\/2"}],"replies":[{"embeddable":true,"href":"https:\/\/zonaroja.com.mx\/index.php?rest_route=%2Fwp%2Fv2%2Fcomments&post=7255"}],"version-history":[{"count":1,"href":"https:\/\/zonaroja.com.mx\/index.php?rest_route=\/wp\/v2\/posts\/7255\/revisions"}],"predecessor-version":[{"id":7257,"href":"https:\/\/zonaroja.com.mx\/index.php?rest_route=\/wp\/v2\/posts\/7255\/revisions\/7257"}],"wp:featuredmedia":[{"embeddable":true,"href":"https:\/\/zonaroja.com.mx\/index.php?rest_route=\/wp\/v2\/media\/7256"}],"wp:attachment":[{"href":"https:\/\/zonaroja.com.mx\/index.php?rest_route=%2Fwp%2Fv2%2Fmedia&parent=7255"}],"wp:term":[{"taxonomy":"category","embeddable":true,"href":"https:\/\/zonaroja.com.mx\/index.php?rest_route=%2Fwp%2Fv2%2Fcategories&post=7255"},{"taxonomy":"post_tag","embeddable":true,"href":"https:\/\/zonaroja.com.mx\/index.php?rest_route=%2Fwp%2Fv2%2Ftags&post=7255"}],"curies":[{"name":"wp","href":"https:\/\/api.w.org\/{rel}","templated":true}]}}