{"id":72550,"date":"2024-09-18T12:35:00","date_gmt":"2024-09-18T18:35:00","guid":{"rendered":"https:\/\/zonaroja.com.mx\/?p=72550"},"modified":"2024-09-18T09:37:16","modified_gmt":"2024-09-18T15:37:16","slug":"la-poesia-zapoteca-de-irma-pineda-llega-a-la-feria-internacional-del-librode-guadalajara","status":"publish","type":"post","link":"https:\/\/zonaroja.com.mx\/?p=72550","title":{"rendered":"La poes\u00eda zapoteca de Irma Pineda llega a la Feria Internacional del Librode Guadalajara"},"content":{"rendered":"\n<p>Redacci\u00f3n\/Zona Roja.<\/p>\n\n\n\n<p>Oaxaca de Ju\u00e1rez, Oax., a 18 de septiembre de 2024- La Feria Internacional del Libro (FIL) de Guadalajara 2024 abrir\u00e1 sus puertas al arte po\u00e9tico con la participaci\u00f3n de 26 destacados autores de diferentes pa\u00edses, entre ellos, la poeta zapoteca Irma Pineda, originaria de Juchit\u00e1n, Oaxaca.&nbsp;<\/p>\n\n\n\n<p>Reconocida por su trabajo en la defensa de los derechos de los pueblos ind\u00edgenas y por su labor en la preservaci\u00f3n de la lengua zapoteca, Irma Pineda ha publicado m\u00e1s de una docena de libros de poes\u00eda biling\u00fce en espa\u00f1ol y didxaz\u00e1 (zapoteco del Istmo).<\/p>\n\n\n\n<p>Pineda Santiago, ganadora del premio \u201cCaballo Verde\u201d en 2018 por su obra \u201cNaxi\u00f1a\u2019 Rului\u2019ladxe\u2019\u201d (\u201cRojo Deseo\u201d), es una figura clave en la literatura ind\u00edgena de M\u00e9xico y ha representado a los pueblos ind\u00edgenas ante la Organizaci\u00f3n de las Naciones Unidas.&nbsp;<\/p>\n\n\n\n<p>Su participaci\u00f3n en este evento reafirma la importancia de las voces ind\u00edgenas en el \u00e1mbito literario internacional, destacando tanto su compromiso con la cultura zapoteca como su aporte a la poes\u00eda contempor\u00e1nea.<\/p>\n\n\n\n<p>El Sal\u00f3n de la Poes\u00eda de la FIL se llevar\u00e1 a cabo del 30 de noviembre al 8 de diciembre, brindando un espacio para que creadores como Pineda y otros poetas de pa\u00edses como Canad\u00e1, Chile, Cuba y Espa\u00f1a compartan sus obras y perspectivas.&nbsp;<\/p>\n\n\n\n<p>La participaci\u00f3n de Irma Pineda es un recordatorio de la riqueza cultural de Oaxaca y la trascendencia de su poes\u00eda para preservar y honrar las lenguas ind\u00edgenas.<\/p>\n\n\n\n<p>(Informaci\u00f3n de Cortamortaja)<\/p>\n","protected":false},"excerpt":{"rendered":"<p>Redacci\u00f3n\/Zona Roja. Oaxaca de Ju\u00e1rez, Oax., a 18 de septiembre de 2024- La Feria Internacional&hellip;<\/p>\n","protected":false},"author":2,"featured_media":72551,"comment_status":"closed","ping_status":"open","sticky":false,"template":"","format":"standard","meta":{"_lmt_disableupdate":"","_lmt_disable":"","_jetpack_memberships_contains_paid_content":false,"footnotes":""},"categories":[109,46],"tags":[4069],"class_list":["post-72550","post","type-post","status-publish","format-standard","has-post-thumbnail","hentry","category-minuto-a-minuto","category-zona-blanca","tag-irma-pineda"],"jetpack_featured_media_url":"https:\/\/zonaroja.com.mx\/wp-content\/uploads\/2024\/09\/Irma-Pineda.jpg","jetpack_sharing_enabled":true,"_links":{"self":[{"href":"https:\/\/zonaroja.com.mx\/index.php?rest_route=\/wp\/v2\/posts\/72550","targetHints":{"allow":["GET"]}}],"collection":[{"href":"https:\/\/zonaroja.com.mx\/index.php?rest_route=\/wp\/v2\/posts"}],"about":[{"href":"https:\/\/zonaroja.com.mx\/index.php?rest_route=\/wp\/v2\/types\/post"}],"author":[{"embeddable":true,"href":"https:\/\/zonaroja.com.mx\/index.php?rest_route=\/wp\/v2\/users\/2"}],"replies":[{"embeddable":true,"href":"https:\/\/zonaroja.com.mx\/index.php?rest_route=%2Fwp%2Fv2%2Fcomments&post=72550"}],"version-history":[{"count":1,"href":"https:\/\/zonaroja.com.mx\/index.php?rest_route=\/wp\/v2\/posts\/72550\/revisions"}],"predecessor-version":[{"id":72552,"href":"https:\/\/zonaroja.com.mx\/index.php?rest_route=\/wp\/v2\/posts\/72550\/revisions\/72552"}],"wp:featuredmedia":[{"embeddable":true,"href":"https:\/\/zonaroja.com.mx\/index.php?rest_route=\/wp\/v2\/media\/72551"}],"wp:attachment":[{"href":"https:\/\/zonaroja.com.mx\/index.php?rest_route=%2Fwp%2Fv2%2Fmedia&parent=72550"}],"wp:term":[{"taxonomy":"category","embeddable":true,"href":"https:\/\/zonaroja.com.mx\/index.php?rest_route=%2Fwp%2Fv2%2Fcategories&post=72550"},{"taxonomy":"post_tag","embeddable":true,"href":"https:\/\/zonaroja.com.mx\/index.php?rest_route=%2Fwp%2Fv2%2Ftags&post=72550"}],"curies":[{"name":"wp","href":"https:\/\/api.w.org\/{rel}","templated":true}]}}