{"id":72561,"date":"2024-09-18T21:04:54","date_gmt":"2024-09-19T03:04:54","guid":{"rendered":"https:\/\/zonaroja.com.mx\/?p=72561"},"modified":"2024-09-18T21:04:55","modified_gmt":"2024-09-19T03:04:55","slug":"designan-a-senador-por-oaxaca-presidente-de-comision-del-interoceanico","status":"publish","type":"post","link":"https:\/\/zonaroja.com.mx\/?p=72561","title":{"rendered":"Designan a senador por Oaxaca presidente de comisi\u00f3n del Interoce\u00e1nico"},"content":{"rendered":"\n<p>Raymundo Morales\/Zona Roja.<\/p>\n\n\n\n<p>Oaxaca de Ju\u00e1rez, Oax., a 18 de septiembre de 2024.- El senador de Morena por Oaxaca, Antonino Morales Toledo, fue designado como presidente de la Comisi\u00f3n Especial de Seguimiento e Impulso al Corredor Interoc\u00e9anico del Istmo de Tehuantepec (CIIT), del Senado de la Rep\u00fablica.<\/p>\n\n\n\n<p>Antes de ello, la creacionista de esta comisi\u00f3n fue avalada por unanimidad por los integrantes de la C\u00e1mara alta.<\/p>\n\n\n\n<p>Morales Toledo subray\u00f3 la importancia del proyecto que ser\u00e1 prioritario en la administraci\u00f3n de la pr\u00f3xima Presidenta Claudia Sheinbaum para impulsar el renacimiento de Istmo.<\/p>\n\n\n\n<p>Fue el presidente de la Mesa Directiva, Gerardo Fern\u00e1ndez Noro\u00f1a, quien someti\u00f3 al pleno la propuesta, al fundamentar el legislador oaxaque\u00f1o, en un punto de acuerdo, la importancia de allegarse de la informaci\u00f3n pertinente y sostener reuniones con los operadores del proyecto que involucra a los estados de Oaxaca, Chiapas, Veracruz y Tabasco.<\/p>\n\n\n\n<p>\u201cSe pondr\u00e1 \u00e9nfasis en el desarrollo con bienestar y con responsabilidad, con respeto para los pueblos, costumbres y formas de organizaci\u00f3n de las poblaciones involucradas, as\u00ed como en el cuidado del medio ambiente y los recursos naturales, en un marco de sostenibilidad\u201d, dijo.<\/p>\n\n\n\n<p>En el punto de acuerdo para proponer la creaci\u00f3n de esta comisi\u00f3n especial, el senador Morales Toledo expuso que de acuerdo con el Presidente Andr\u00e9s Manuel L\u00f3pez Obrador, el CIIT es un proyecto de dimensi\u00f3n mundial y es el paso m\u00e1s seguro y corto para comunicar el Oc\u00e9ano Pac\u00edfico con el Atl\u00e1ntico, pues unir\u00e1 los puertos de dichos estados con las redes ferroviarias del Istmo y el Tren Maya.<\/p>\n\n\n\n<p>Se trata de uno de los proyectos prioritarios del gobierno del presidente L\u00f3pez Obrador y que tendr\u00e1 continuidad con el gobierno de Claudia Sheinbaum Pardo, pues tiene como fin primordial contribuir al desarrollo de la regi\u00f3n, ofreciendo una alternativa eficiente para el transporte de mercanc\u00edas y el comercio regional y mundial, destacando que los servicios ferroviarios no s\u00f3lo son de carga, sino que se contempla el transporte de pasajeros.<\/p>\n\n\n\n<p>Con el CIIT se pretende instrumentar una plataforma log\u00edstica multimodal que integre la prestaci\u00f3n de servicios de las administraciones de los sistemas portuarios de Coatzacoalcos, Salina Cruz, Dos Bocas y Puerto Chiapas, que tendr\u00e1n interconexi\u00f3n con el Ferrocarril del Istmo de Tehuantepec el, a su vez, interconecta con el Tren Maya de pasajeros.<\/p>\n\n\n\n<p>Con el CIIT se establecer\u00e1n doce polos de desarrollo para el bienestar, con base en las vocaciones productivas que se determinen para los pol\u00edgonos correspondientes de la regi\u00f3n del Istmo de Tehuantepec, con una visi\u00f3n integral, sustentable, sostenible e incluyente, que fomente el crecimiento econ\u00f3mico, productivo y cultural.&nbsp;<\/p>\n\n\n\n<p>Adem\u00e1s, ponder\u00f3 Morales Toledo en su punto de acuerdo para crear esta comisi\u00f3n, se trata de un proyecto transversal para el desarrollo de la regi\u00f3n que generar\u00e1 un crecimiento econ\u00f3mico, social y cultural para la poblaci\u00f3n, desde una visi\u00f3n sustentable e incluyente.<\/p>\n\n\n\n<figure class=\"wp-block-embed is-type-rich is-provider-twitter wp-block-embed-twitter\"><div class=\"wp-block-embed__wrapper\">\n<div class=\"twitter-tweet\"><blockquote class=\"twitter-tweet\" data-lang=\"es\"><p lang=\"es\" dir=\"ltr\">Les comparto que fui designado presidente de la Comisi\u00f3n Especial de Seguimiento e Impulso al Corredor Interoce\u00e1nico del Istmo de Tehuantepec.<br><br>Con esta decisi\u00f3n, el <a href=\"https:\/\/twitter.com\/senadomexicano?ref_src=twsrc%5Etfw\">@senadomexicano<\/a> asume su corresponsabilidad en un proyecto estrat\u00e9gico para el desarrollo nacional. <a href=\"https:\/\/t.co\/ByYmWMZgf6\">pic.twitter.com\/ByYmWMZgf6<\/a><\/p>&mdash; Antonino Morales Toledo (@Nino_Morales1) <a href=\"https:\/\/twitter.com\/Nino_Morales1\/status\/1836488451794849977?ref_src=twsrc%5Etfw\">18 de septiembre de 2024<\/a><\/blockquote><\/div>\n<\/div><\/figure>\n","protected":false},"excerpt":{"rendered":"<p>Raymundo Morales\/Zona Roja. Oaxaca de Ju\u00e1rez, Oax., a 18 de septiembre de 2024.- El senador&hellip;<\/p>\n","protected":false},"author":2,"featured_media":72565,"comment_status":"closed","ping_status":"open","sticky":false,"template":"","format":"standard","meta":{"_lmt_disableupdate":"","_lmt_disable":"","_jetpack_memberships_contains_paid_content":false,"footnotes":""},"categories":[109,46],"tags":[180],"class_list":["post-72561","post","type-post","status-publish","format-standard","has-post-thumbnail","hentry","category-minuto-a-minuto","category-zona-blanca","tag-antonino-morales-toledo"],"jetpack_featured_media_url":"https:\/\/zonaroja.com.mx\/wp-content\/uploads\/2024\/09\/Antonino-Morales-2.jpg","jetpack_sharing_enabled":true,"_links":{"self":[{"href":"https:\/\/zonaroja.com.mx\/index.php?rest_route=\/wp\/v2\/posts\/72561","targetHints":{"allow":["GET"]}}],"collection":[{"href":"https:\/\/zonaroja.com.mx\/index.php?rest_route=\/wp\/v2\/posts"}],"about":[{"href":"https:\/\/zonaroja.com.mx\/index.php?rest_route=\/wp\/v2\/types\/post"}],"author":[{"embeddable":true,"href":"https:\/\/zonaroja.com.mx\/index.php?rest_route=\/wp\/v2\/users\/2"}],"replies":[{"embeddable":true,"href":"https:\/\/zonaroja.com.mx\/index.php?rest_route=%2Fwp%2Fv2%2Fcomments&post=72561"}],"version-history":[{"count":1,"href":"https:\/\/zonaroja.com.mx\/index.php?rest_route=\/wp\/v2\/posts\/72561\/revisions"}],"predecessor-version":[{"id":72566,"href":"https:\/\/zonaroja.com.mx\/index.php?rest_route=\/wp\/v2\/posts\/72561\/revisions\/72566"}],"wp:featuredmedia":[{"embeddable":true,"href":"https:\/\/zonaroja.com.mx\/index.php?rest_route=\/wp\/v2\/media\/72565"}],"wp:attachment":[{"href":"https:\/\/zonaroja.com.mx\/index.php?rest_route=%2Fwp%2Fv2%2Fmedia&parent=72561"}],"wp:term":[{"taxonomy":"category","embeddable":true,"href":"https:\/\/zonaroja.com.mx\/index.php?rest_route=%2Fwp%2Fv2%2Fcategories&post=72561"},{"taxonomy":"post_tag","embeddable":true,"href":"https:\/\/zonaroja.com.mx\/index.php?rest_route=%2Fwp%2Fv2%2Ftags&post=72561"}],"curies":[{"name":"wp","href":"https:\/\/api.w.org\/{rel}","templated":true}]}}