{"id":72567,"date":"2024-09-18T22:08:34","date_gmt":"2024-09-19T04:08:34","guid":{"rendered":"https:\/\/zonaroja.com.mx\/?p=72567"},"modified":"2024-09-18T22:08:36","modified_gmt":"2024-09-19T04:08:36","slug":"segundo-dia-de-caos-en-sector-educativo-y-el-ieepo-omiso","status":"publish","type":"post","link":"https:\/\/zonaroja.com.mx\/?p=72567","title":{"rendered":"Segundo d\u00eda de caos en sector educativo\u2026 y el IEEPO omiso"},"content":{"rendered":"\n<p>Ismael Garc\u00eda M.\/Zona Roja.<\/p>\n\n\n\n<p>Oaxaca de Ju\u00e1rez, Oax., a 18 de septiembre de 2024.- Por segundo d\u00eda consecutivo, la ciudad de Oaxaca vivi\u00f3 una jornada de caos vial, por conflictos de \u00edndole educativo y por la nula atenci\u00f3n del Instituto Estatal de Educaci\u00f3n P\u00fablica de Oaxaca (IEEPO).<\/p>\n\n\n\n<p>Desde las nueve de la ma\u00f1ana, un grupo de alumnos de la Escuela Normal de Educaci\u00f3n Especial se apoder\u00f3 de al menos tres autobuses del transporte de pasajeros y bloque\u00f3 el bulevar Eduardo Vasconcelos, en la rotonda a Emiliano Zapata.<\/p>\n\n\n\n<p>La movilizaci\u00f3n arreci\u00f3 por la tarde, en que extendi\u00f3 los cierres viales al crucero de Eduardo Vasconcelos con H\u00e9roes de Chapultepec y Amapolas con H\u00e9rores de Chapultepec; en el primer sitio quemaron llantas.<\/p>\n\n\n\n<p>Alrededor de las 20:00 horas se retiraron los manifestantes, en su mayor\u00eda encapuchados, pero hasta el momento no ha habido ning\u00fan comunicado del Instituto respecto a la atenci\u00f3n de las demandas, que son el cumplimiento a la realizaci\u00f3n de diplomados comprometidos.<\/p>\n\n\n\n<p>El pasado martes, tambi\u00e9n desde temprana hora, docentes de la Secci\u00f3n 22 del Sindicato Nacional de Trabajadores de la Educaci\u00f3n, del nivel de Secundarias T\u00e9cnicas, cerraron por al menos cinco horas la calzada H\u00e9roes de Chapultepec, a la altura de la terminal de autobuses ADO en la capital.<\/p>\n\n\n\n<p>Asimismo, vialidades federales en jurisdicci\u00f3n de Santo Domingo Tehuantepec y en el municipio de Mat\u00edas Romero Avenda\u00f1o, entre otros puntos, en demanda de pago de horas-clase ya devengadas.<\/p>\n\n\n\n<p>El IEEPO se limit\u00f3 a informar que continuaba el proceso de dichos pagos, que depend\u00eda de la Secretar\u00eda de Educaci\u00f3n P\u00fablica y que adem\u00e1s, las movilizaciones eran por un conflicto interno de dicho nivel.<\/p>\n\n\n\n<p>La protesta se retiro despu\u00e9s de las 15:00 horas de ayer pero se traslad\u00f3 de manera temporal a la sede del edificio sindical en el centro de la ciudad de Oaxaca; tampoco hubo informaci\u00f3n oficial respecto a la atenci\u00f3n a esta problem\u00e1tica.<\/p>\n\n\n\n<figure class=\"wp-block-embed is-type-rich is-provider-twitter wp-block-embed-twitter\"><div class=\"wp-block-embed__wrapper\">\n<div class=\"twitter-tweet\"><blockquote class=\"twitter-tweet\" data-lang=\"es\"><p lang=\"es\" dir=\"ltr\">El argumento de los normalistas es que les deben la realizaci\u00f3n de diplomados, prometidos desde hace varios meses, y por eso bloquean el bulevar Eduardo Vasconcelos de la capital oaxaque\u00f1a. La manifestaci\u00f3n contin\u00faa, por falta de atenci\u00f3n del <a href=\"https:\/\/twitter.com\/IEEPOGobOax?ref_src=twsrc%5Etfw\">@IEEPOGobOax<\/a>. <a href=\"https:\/\/t.co\/xkpJWQALzW\">pic.twitter.com\/xkpJWQALzW<\/a><\/p>&mdash; Zona Roja Oaxaca (@ZonaRoja_Oaxaca) <a href=\"https:\/\/twitter.com\/ZonaRoja_Oaxaca\/status\/1836458592465228138?ref_src=twsrc%5Etfw\">18 de septiembre de 2024<\/a><\/blockquote><\/div>\n<\/div><\/figure>\n","protected":false},"excerpt":{"rendered":"<p>Ismael Garc\u00eda M.\/Zona Roja. Oaxaca de Ju\u00e1rez, Oax., a 18 de septiembre de 2024.- Por&hellip;<\/p>\n","protected":false},"author":2,"featured_media":72568,"comment_status":"closed","ping_status":"open","sticky":false,"template":"","format":"standard","meta":{"_lmt_disableupdate":"","_lmt_disable":"","_jetpack_memberships_contains_paid_content":false,"footnotes":""},"categories":[109,47],"tags":[1916],"class_list":["post-72567","post","type-post","status-publish","format-standard","has-post-thumbnail","hentry","category-minuto-a-minuto","category-zona-gris","tag-protestas-estudiantes-normalistas-de-oaxaca"],"jetpack_featured_media_url":"https:\/\/zonaroja.com.mx\/wp-content\/uploads\/2024\/09\/Bloqueo-normalistas-ENEE-ciudad-de-Oaxaca.jpg","jetpack_sharing_enabled":true,"_links":{"self":[{"href":"https:\/\/zonaroja.com.mx\/index.php?rest_route=\/wp\/v2\/posts\/72567","targetHints":{"allow":["GET"]}}],"collection":[{"href":"https:\/\/zonaroja.com.mx\/index.php?rest_route=\/wp\/v2\/posts"}],"about":[{"href":"https:\/\/zonaroja.com.mx\/index.php?rest_route=\/wp\/v2\/types\/post"}],"author":[{"embeddable":true,"href":"https:\/\/zonaroja.com.mx\/index.php?rest_route=\/wp\/v2\/users\/2"}],"replies":[{"embeddable":true,"href":"https:\/\/zonaroja.com.mx\/index.php?rest_route=%2Fwp%2Fv2%2Fcomments&post=72567"}],"version-history":[{"count":1,"href":"https:\/\/zonaroja.com.mx\/index.php?rest_route=\/wp\/v2\/posts\/72567\/revisions"}],"predecessor-version":[{"id":72569,"href":"https:\/\/zonaroja.com.mx\/index.php?rest_route=\/wp\/v2\/posts\/72567\/revisions\/72569"}],"wp:featuredmedia":[{"embeddable":true,"href":"https:\/\/zonaroja.com.mx\/index.php?rest_route=\/wp\/v2\/media\/72568"}],"wp:attachment":[{"href":"https:\/\/zonaroja.com.mx\/index.php?rest_route=%2Fwp%2Fv2%2Fmedia&parent=72567"}],"wp:term":[{"taxonomy":"category","embeddable":true,"href":"https:\/\/zonaroja.com.mx\/index.php?rest_route=%2Fwp%2Fv2%2Fcategories&post=72567"},{"taxonomy":"post_tag","embeddable":true,"href":"https:\/\/zonaroja.com.mx\/index.php?rest_route=%2Fwp%2Fv2%2Ftags&post=72567"}],"curies":[{"name":"wp","href":"https:\/\/api.w.org\/{rel}","templated":true}]}}