{"id":72570,"date":"2024-09-18T22:26:06","date_gmt":"2024-09-19T04:26:06","guid":{"rendered":"https:\/\/zonaroja.com.mx\/?p=72570"},"modified":"2024-09-18T22:26:08","modified_gmt":"2024-09-19T04:26:08","slug":"desiste-neri-de-seguir-impugnaciones-acepta-triunfo-de-ray-chagoya","status":"publish","type":"post","link":"https:\/\/zonaroja.com.mx\/?p=72570","title":{"rendered":"Desiste Neri de seguir impugnaciones; acepta triunfo de Ray Chagoya"},"content":{"rendered":"\n<p>Raymundo Morales\/Zona Roja.<\/p>\n\n\n\n<p>Oaxaca de Ju\u00e1rez, Oax., a 18 de septiembre de 2024.- Tras la determinaci\u00f3n del Tribunal Electoral del Estado de Oaxaca a favor de Raymundo Chagoya, Francisco Mart\u00ednez Neri dio a conocer que no continuar\u00e1 m\u00e1s con las impugnaciones en otras instancias superiores, sobre los resultados de las elecciones del pasado 2 de junio.<\/p>\n\n\n\n<p>Lo anterior, \u201ca\u00fan cuando consideramos que existieron m\u00faltiples irregularidades y no se comparten los razonamientos de la sentencia\u201d, asever\u00f3 el candidato de Morena a la reelecci\u00f3n en el municipio de Oaxaca de Ju\u00e1rez.<\/p>\n\n\n\n<p>En un comunicado que emiti\u00f3 este mi\u00e9rcoles, respecto al expediente RIN\/EA\/52\/2024, expuso que la determinaci\u00f3n la tom\u00f3 tras un di\u00e1logo y reflexi\u00f3n \u201cprofunda entre militantes, simpatizantes, equipo de campa\u00f1a, amigos y familiares\u201d.<\/p>\n\n\n\n<p>\u201cHemos tomado la determinaci\u00f3n de privilegiar la unidad de nuestro movimiento y sus partidos aliados y, por esa raz\u00f3n, con una actitud y vocaci\u00f3n democr\u00e1tica, anunciamos que no continuaremos con la cadena impugnativa.<\/p>\n\n\n\n<p>\u201cDicha decisi\u00f3n, dif\u00edcil, se toma privilegiando el bien superior de nuestra amada ciudad, Oaxaca de Ju\u00e1rez, para dar paso a un proceso de transici\u00f3n ordenada, pensando siempre en la paz social, el progreso y el bienestar de la ciudadan\u00eda\u201d, detall\u00f3.<\/p>\n\n\n\n<p>Reconoci\u00f3 y agradeci\u00f3 el esfuerzo de todos los ciudadanos que participaron en la contienda electoral y dese\u00f3 \u00e9xito a quien dirigir\u00e1 el rumbo del municipio de Oaxaca de Ju\u00e1rez a partir del a\u00f1o 2025.<\/p>\n","protected":false},"excerpt":{"rendered":"<p>Raymundo Morales\/Zona Roja. Oaxaca de Ju\u00e1rez, Oax., a 18 de septiembre de 2024.- Tras la&hellip;<\/p>\n","protected":false},"author":2,"featured_media":72571,"comment_status":"closed","ping_status":"open","sticky":false,"template":"","format":"standard","meta":{"_lmt_disableupdate":"","_lmt_disable":"","_jetpack_memberships_contains_paid_content":false,"footnotes":""},"categories":[109,46],"tags":[2418],"class_list":["post-72570","post","type-post","status-publish","format-standard","has-post-thumbnail","hentry","category-minuto-a-minuto","category-zona-blanca","tag-francisco-martinez-neri"],"jetpack_featured_media_url":"https:\/\/zonaroja.com.mx\/wp-content\/uploads\/2024\/09\/Francisco-Martinez-Neri-desiste-impugnacion-.jpg","jetpack_sharing_enabled":true,"_links":{"self":[{"href":"https:\/\/zonaroja.com.mx\/index.php?rest_route=\/wp\/v2\/posts\/72570","targetHints":{"allow":["GET"]}}],"collection":[{"href":"https:\/\/zonaroja.com.mx\/index.php?rest_route=\/wp\/v2\/posts"}],"about":[{"href":"https:\/\/zonaroja.com.mx\/index.php?rest_route=\/wp\/v2\/types\/post"}],"author":[{"embeddable":true,"href":"https:\/\/zonaroja.com.mx\/index.php?rest_route=\/wp\/v2\/users\/2"}],"replies":[{"embeddable":true,"href":"https:\/\/zonaroja.com.mx\/index.php?rest_route=%2Fwp%2Fv2%2Fcomments&post=72570"}],"version-history":[{"count":1,"href":"https:\/\/zonaroja.com.mx\/index.php?rest_route=\/wp\/v2\/posts\/72570\/revisions"}],"predecessor-version":[{"id":72572,"href":"https:\/\/zonaroja.com.mx\/index.php?rest_route=\/wp\/v2\/posts\/72570\/revisions\/72572"}],"wp:featuredmedia":[{"embeddable":true,"href":"https:\/\/zonaroja.com.mx\/index.php?rest_route=\/wp\/v2\/media\/72571"}],"wp:attachment":[{"href":"https:\/\/zonaroja.com.mx\/index.php?rest_route=%2Fwp%2Fv2%2Fmedia&parent=72570"}],"wp:term":[{"taxonomy":"category","embeddable":true,"href":"https:\/\/zonaroja.com.mx\/index.php?rest_route=%2Fwp%2Fv2%2Fcategories&post=72570"},{"taxonomy":"post_tag","embeddable":true,"href":"https:\/\/zonaroja.com.mx\/index.php?rest_route=%2Fwp%2Fv2%2Ftags&post=72570"}],"curies":[{"name":"wp","href":"https:\/\/api.w.org\/{rel}","templated":true}]}}