{"id":72573,"date":"2024-09-19T06:35:33","date_gmt":"2024-09-19T12:35:33","guid":{"rendered":"https:\/\/zonaroja.com.mx\/?p=72573"},"modified":"2024-09-19T06:35:36","modified_gmt":"2024-09-19T12:35:36","slug":"esposa-de-presidente-de-eu-viene-a-toma-de-posesion-de-sheinbaum","status":"publish","type":"post","link":"https:\/\/zonaroja.com.mx\/?p=72573","title":{"rendered":"Esposa de presidente de EU viene a toma de posesi\u00f3n de Sheinbaum"},"content":{"rendered":"\n<p>Redacci\u00f3n\/Zona Roja Cdmx.<\/p>\n\n\n\n<p>Ciudad de M\u00e9xico, a 19 de septiembre de 2024.- El Presidente de Estados Unidos, Joe Biden, anunci\u00f3 la designaci\u00f3n de una delegaci\u00f3n presidencial que asistir\u00e1 a la toma de posesi\u00f3n de Claudia Sheinbaum como presidenta de M\u00e9xico, el pr\u00f3ximo 1 de octubre de 2024, en la C\u00e1mara de Diputados de la Ciudad de M\u00e9xico, de acuerdo con un comunicado emitido por la Casa Blanca.&nbsp;<\/p>\n\n\n\n<p>La delegaci\u00f3n estadounidense ser\u00e1 encabezada por la primera dama, Jill Biden, quien representar\u00e1 al gobierno de Estados Unidos&nbsp;en el evento diplom\u00e1tico. A\u00fan no se ha revelado la lista completa de los miembros que integrar\u00e1n la delegaci\u00f3n, la cual ser\u00e1 anunciada en los pr\u00f3ximos d\u00edas.<\/p>\n\n\n\n<p>Hasta ahora, se encuentran confirmadas las visitas de los presidentes de Brasil, Luis Inacio Lula da Silva; de Chile, Gabriel Boric; de Bolivia, Luis Arce Catacora; de Colombia, Gustavo Petro y Guatemala, Bernardo Ar\u00e9valo.<\/p>\n\n\n\n<p>La Secretar\u00eda de Relaciones Exteriores (SRE) en conjunto con el equipo de transici\u00f3n de la presidenta electa giraron 208 invitaciones a las y los mandatarios de los pa\u00edses con los que M\u00e9xico tiene relaciones bilaterales, as\u00ed como a 34 titulares de organismos internacionales.<\/p>\n\n\n\n<p>En la lista no se consider\u00f3 a la presidenta de Per\u00fa, Dina Boluarte ni al presidente de Ecuador, Daniel Noboa, con el que se rompi\u00f3 relaciones bilaterales tras la invasi\u00f3n violenta a la embajada mexicana el pasado 5 de abril.<\/p>\n\n\n\n<p>(Informaci\u00f3n de \u201cExc\u00e9lsior)<\/p>\n","protected":false},"excerpt":{"rendered":"<p>Redacci\u00f3n\/Zona Roja Cdmx. Ciudad de M\u00e9xico, a 19 de septiembre de 2024.- El Presidente de&hellip;<\/p>\n","protected":false},"author":2,"featured_media":72574,"comment_status":"closed","ping_status":"open","sticky":false,"template":"","format":"standard","meta":{"_lmt_disableupdate":"","_lmt_disable":"","_jetpack_memberships_contains_paid_content":false,"footnotes":""},"categories":[109,46],"tags":[3370],"class_list":["post-72573","post","type-post","status-publish","format-standard","has-post-thumbnail","hentry","category-minuto-a-minuto","category-zona-blanca","tag-claudia-sheinbaum"],"jetpack_featured_media_url":"https:\/\/zonaroja.com.mx\/wp-content\/uploads\/2024\/09\/Claudia-Sheinbaum-Jill-Biden.jpg","jetpack_sharing_enabled":true,"_links":{"self":[{"href":"https:\/\/zonaroja.com.mx\/index.php?rest_route=\/wp\/v2\/posts\/72573","targetHints":{"allow":["GET"]}}],"collection":[{"href":"https:\/\/zonaroja.com.mx\/index.php?rest_route=\/wp\/v2\/posts"}],"about":[{"href":"https:\/\/zonaroja.com.mx\/index.php?rest_route=\/wp\/v2\/types\/post"}],"author":[{"embeddable":true,"href":"https:\/\/zonaroja.com.mx\/index.php?rest_route=\/wp\/v2\/users\/2"}],"replies":[{"embeddable":true,"href":"https:\/\/zonaroja.com.mx\/index.php?rest_route=%2Fwp%2Fv2%2Fcomments&post=72573"}],"version-history":[{"count":1,"href":"https:\/\/zonaroja.com.mx\/index.php?rest_route=\/wp\/v2\/posts\/72573\/revisions"}],"predecessor-version":[{"id":72575,"href":"https:\/\/zonaroja.com.mx\/index.php?rest_route=\/wp\/v2\/posts\/72573\/revisions\/72575"}],"wp:featuredmedia":[{"embeddable":true,"href":"https:\/\/zonaroja.com.mx\/index.php?rest_route=\/wp\/v2\/media\/72574"}],"wp:attachment":[{"href":"https:\/\/zonaroja.com.mx\/index.php?rest_route=%2Fwp%2Fv2%2Fmedia&parent=72573"}],"wp:term":[{"taxonomy":"category","embeddable":true,"href":"https:\/\/zonaroja.com.mx\/index.php?rest_route=%2Fwp%2Fv2%2Fcategories&post=72573"},{"taxonomy":"post_tag","embeddable":true,"href":"https:\/\/zonaroja.com.mx\/index.php?rest_route=%2Fwp%2Fv2%2Ftags&post=72573"}],"curies":[{"name":"wp","href":"https:\/\/api.w.org\/{rel}","templated":true}]}}