{"id":72576,"date":"2024-09-19T07:58:00","date_gmt":"2024-09-19T13:58:00","guid":{"rendered":"https:\/\/zonaroja.com.mx\/?p=72576"},"modified":"2024-09-19T06:58:46","modified_gmt":"2024-09-19T12:58:46","slug":"vinculan-a-proceso-a-dos-presuntos-narcomenudistas-de-huatulco","status":"publish","type":"post","link":"https:\/\/zonaroja.com.mx\/?p=72576","title":{"rendered":"Vinculan a proceso a dos presuntos narcomenudistas de Huatulco"},"content":{"rendered":"\n<p>Redacci\u00f3n\/Zona Roja.&nbsp;<\/p>\n\n\n\n<p>Oaxaca de Ju\u00e1rez, Oax., a 19 de septiembre de 2024.- La Fiscal\u00eda General del Estado de Oaxaca (FGEO) obtuvo auto de vinculaci\u00f3n a proceso en contra de dos personas del sexo masculino identificadas como F. M. C., y J. M. G., por el delito Contra la Salud en su modalidad de Narcomenudeo en su hip\u00f3tesis con fines de comercio, cometido en la regi\u00f3n de la Costa.<\/p>\n\n\n\n<p>De acuerdo con la investigaci\u00f3n penal, los imputados fueron detenidos el 23 de agosto de 2024 derivado de la ejecuci\u00f3n de una orden de cateo efectuada por elementos de la Agencia Estatal de Investigaciones (AEI) en un domicilio ubicado en la localidad de Tierra Blanca perteneciente a Santa Mar\u00eda Huatulco.<\/p>\n\n\n\n<p>Durante el operativo, los agentes de la AEI dependientes de la Vicefiscal\u00eda Regional de la Costa, decomisaron diversas bolsas de coca\u00edna y un arma de fuego, las cuales quedaron a disposici\u00f3n de la autoridad competente.<\/p>\n\n\n\n<p>Una vez aportadas las pruebas ministeriales, el Juez que atiende la causa dict\u00f3 vinculaci\u00f3n a proceso contra F. M. C. y J. M. G., por el delito Contra la Salud en su modalidad de Narcomenudeo en su hip\u00f3tesis con fines de comercio, imponiendo la medida cautelar de prisi\u00f3n preventiva justificada, adem\u00e1s de otorgar dos meses para el cierre de la investigaci\u00f3n complementaria.<\/p>\n\n\n\n<p>FALLO CONDENATORIO<\/p>\n\n\n\n<p>En otro caso, la Fiscal\u00eda de Oaxaca obtuvo un fallo condenatorio en contra de una persona del sexo masculino identificada como Fidel O. C., por el delito de Homicidio Simple Intencional, ocurrido en la regi\u00f3n de la Cuenca del Papaloapan.<\/p>\n\n\n\n<p>De acuerdo con lo establecido en la causa penal, los hechos se suscitaron el 5 de febrero de 2021, cuando la v\u00edctima -quien respond\u00eda al nombre de N.C.P.- sali\u00f3 de su domicilio ubicado en la avenida 16 de septiembre de la colonia Santa Fe en San Juan Bautista Tuxtepec, donde fue interceptado por el imputado quien lo atac\u00f3 con un arma punzocortante (navaja), infligiendo lesiones que le ocasionaron la muerte.<\/p>\n\n\n\n<p>Ante estos hechos, la Instituci\u00f3n de procuraci\u00f3n de justicia inici\u00f3 una exhaustiva investigaci\u00f3n a trav\u00e9s de la Vicefiscal\u00eda Regional de la Cuenca, logrando aprehender y presentar al imputado ante el Juez de la causa.<\/p>\n\n\n\n<p>Una vez valoradas las pruebas aportadas por el Ministerio P\u00fablico, derivado de la audiencia de fallo deliberatorio, el Tribunal de Enjuiciamiento dict\u00f3 fallo condenatorio contra el imputado Fidel O. C., por el delito de Homicidio Simple Intencional, dando un plazo para la lectura de la pena.<\/p>\n\n\n\n<p>La Fiscal\u00eda General garantiza investigaciones exhaustivas para esclarecer delitos, aplicando las herramientas legales para castigar a quien o quienes resulten responsables.<\/p>\n","protected":false},"excerpt":{"rendered":"<p>Redacci\u00f3n\/Zona Roja.&nbsp; Oaxaca de Ju\u00e1rez, Oax., a 19 de septiembre de 2024.- La Fiscal\u00eda General&hellip;<\/p>\n","protected":false},"author":2,"featured_media":72577,"comment_status":"closed","ping_status":"open","sticky":false,"template":"","format":"standard","meta":{"_lmt_disableupdate":"","_lmt_disable":"","_jetpack_memberships_contains_paid_content":false,"footnotes":""},"categories":[109,46],"tags":[494],"class_list":["post-72576","post","type-post","status-publish","format-standard","has-post-thumbnail","hentry","category-minuto-a-minuto","category-zona-blanca","tag-fiscalia-general-del-estado-de-oaxaca"],"jetpack_featured_media_url":"https:\/\/zonaroja.com.mx\/wp-content\/uploads\/2024\/09\/Narcomenudistas-Costa-Fiscalia.jpg","jetpack_sharing_enabled":true,"_links":{"self":[{"href":"https:\/\/zonaroja.com.mx\/index.php?rest_route=\/wp\/v2\/posts\/72576","targetHints":{"allow":["GET"]}}],"collection":[{"href":"https:\/\/zonaroja.com.mx\/index.php?rest_route=\/wp\/v2\/posts"}],"about":[{"href":"https:\/\/zonaroja.com.mx\/index.php?rest_route=\/wp\/v2\/types\/post"}],"author":[{"embeddable":true,"href":"https:\/\/zonaroja.com.mx\/index.php?rest_route=\/wp\/v2\/users\/2"}],"replies":[{"embeddable":true,"href":"https:\/\/zonaroja.com.mx\/index.php?rest_route=%2Fwp%2Fv2%2Fcomments&post=72576"}],"version-history":[{"count":1,"href":"https:\/\/zonaroja.com.mx\/index.php?rest_route=\/wp\/v2\/posts\/72576\/revisions"}],"predecessor-version":[{"id":72578,"href":"https:\/\/zonaroja.com.mx\/index.php?rest_route=\/wp\/v2\/posts\/72576\/revisions\/72578"}],"wp:featuredmedia":[{"embeddable":true,"href":"https:\/\/zonaroja.com.mx\/index.php?rest_route=\/wp\/v2\/media\/72577"}],"wp:attachment":[{"href":"https:\/\/zonaroja.com.mx\/index.php?rest_route=%2Fwp%2Fv2%2Fmedia&parent=72576"}],"wp:term":[{"taxonomy":"category","embeddable":true,"href":"https:\/\/zonaroja.com.mx\/index.php?rest_route=%2Fwp%2Fv2%2Fcategories&post=72576"},{"taxonomy":"post_tag","embeddable":true,"href":"https:\/\/zonaroja.com.mx\/index.php?rest_route=%2Fwp%2Fv2%2Ftags&post=72576"}],"curies":[{"name":"wp","href":"https:\/\/api.w.org\/{rel}","templated":true}]}}