{"id":72582,"date":"2024-09-19T09:01:00","date_gmt":"2024-09-19T15:01:00","guid":{"rendered":"https:\/\/zonaroja.com.mx\/?p=72582"},"modified":"2024-09-19T07:04:42","modified_gmt":"2024-09-19T13:04:42","slug":"paro-judicial-concluye-la-proxima-semana-con-reapertura-de-tribunales","status":"publish","type":"post","link":"https:\/\/zonaroja.com.mx\/?p=72582","title":{"rendered":"Paro judicial concluye la pr\u00f3xima semana con reapertura de tribunales"},"content":{"rendered":"\n<p>Redacci\u00f3n\/Zona Roja Cdmx.<\/p>\n\n\n\n<p>Ciudad de M\u00e9xico, a 19 de septiembre de 2024.- El Pleno del Consejo de la Judicatura Federal (CJF) acord\u00f3 este mi\u00e9rcoles el final del paro de labores, el cual se origin\u00f3 en protesta contra la Reforma Judicial propuesta por el Presidente Andr\u00e9s Manuel L\u00f3pez Obrador.<\/p>\n\n\n\n<p>La autoridad inform\u00f3 que ser\u00e1 el pr\u00f3ximo lunes 23 de septiembre cuando se levante la suspensi\u00f3n de plazos y t\u00e9rminos en los juicios tramitados en los \u00f3rganos jurisdiccionales federales y \u00e1reas administrativas.<\/p>\n\n\n\n<p>El Consejo convoc\u00f3 a una mesa de trabajo con el Comit\u00e9 de Di\u00e1logo de la Asociaci\u00f3n Nacional de Magistrados de Circuito y Jueces de Distrito del Poder Judicial de la Federaci\u00f3n (JUFED).<\/p>\n\n\n\n<p>A la reuni\u00f3n, que se llevar\u00e1 a cabo el pr\u00f3ximo viernes 20 de septiembre, tambi\u00e9n est\u00e1 invitada la Asociaci\u00f3n Mexicana de Mujeres Juezas y Magistradas; el secretario general del Sindicato Nacional de Renovaci\u00f3n al servicio de los Trabajadores del Poder Judicial de la Federaci\u00f3n, el Colegio de Secretarios y Actuarios de la Judicatura Federal.<\/p>\n\n\n\n<p>La decisi\u00f3n de concluir el paro tuvo los votos en contra de la ministra presidenta Norma Luc\u00eda Pi\u00f1a Hern\u00e1ndez y de la consejera Lilia M\u00f3nica L\u00f3pez Ben\u00edtez.<\/p>\n\n\n\n<p>La reforma al Poder Judicial de M\u00e9xico entr\u00f3 en vigor oficialmente despu\u00e9s de que el texto de los cambios constitucionales se public\u00f3 en el Diario Oficial de la Federaci\u00f3n el domingo, lo que marca el paso final en la reestructuraci\u00f3n de los tribunales del pa\u00eds.<\/p>\n\n\n\n<p>La reforma har\u00e1 que el pa\u00eds pase de un sistema de jueces designados a uno que permita a los votantes elegirlos.<\/p>\n\n\n\n<p>Los cambios constitucionales fueron defendidos por el Presidente saliente, Andr\u00e9s Manuel L\u00f3pez Obrador, y aprobada por sus aliados en el Congreso y una mayor\u00eda de legislaturas estatales a principios de este mes, lo que marca una importante victoria legislativa en sus \u00faltimas semanas en el cargo.<\/p>\n\n\n\n<p>L\u00f3pez Obrador, que a menudo chocaba con jueces, argument\u00f3 que la reforma era necesaria para servir mejor a los intereses de los ciudadanos comunes.<\/p>\n\n\n\n<p>Los cr\u00edticos advierten que la elecci\u00f3n de jueces pondr\u00e1 fin a la independencia pol\u00edtica del Poder Judicial y socavar\u00e1 la confianza de los inversores en M\u00e9xico.<\/p>\n\n\n\n<p>La publicaci\u00f3n de la reforma constitucional en el diario oficial del Gobierno da inicio al proceso de preparaci\u00f3n para las primeras elecciones judiciales.<\/p>\n\n\n\n<p>(Con informaci\u00f3n de la agencia Reuters, en \u201cExpansi\u00f3n Pol\u00edtica)<\/p>\n","protected":false},"excerpt":{"rendered":"<p>Redacci\u00f3n\/Zona Roja Cdmx. Ciudad de M\u00e9xico, a 19 de septiembre de 2024.- El Pleno del&hellip;<\/p>\n","protected":false},"author":2,"featured_media":72562,"comment_status":"closed","ping_status":"open","sticky":false,"template":"","format":"standard","meta":{"_lmt_disableupdate":"","_lmt_disable":"","_jetpack_memberships_contains_paid_content":false,"footnotes":""},"categories":[109,46],"tags":[4033],"class_list":["post-72582","post","type-post","status-publish","format-standard","has-post-thumbnail","hentry","category-minuto-a-minuto","category-zona-blanca","tag-paro-poder-judicial-de-la-federacion"],"jetpack_featured_media_url":"https:\/\/zonaroja.com.mx\/wp-content\/uploads\/2024\/09\/Poder-Judicial-de-la-Federacion.jpg","jetpack_sharing_enabled":true,"_links":{"self":[{"href":"https:\/\/zonaroja.com.mx\/index.php?rest_route=\/wp\/v2\/posts\/72582","targetHints":{"allow":["GET"]}}],"collection":[{"href":"https:\/\/zonaroja.com.mx\/index.php?rest_route=\/wp\/v2\/posts"}],"about":[{"href":"https:\/\/zonaroja.com.mx\/index.php?rest_route=\/wp\/v2\/types\/post"}],"author":[{"embeddable":true,"href":"https:\/\/zonaroja.com.mx\/index.php?rest_route=\/wp\/v2\/users\/2"}],"replies":[{"embeddable":true,"href":"https:\/\/zonaroja.com.mx\/index.php?rest_route=%2Fwp%2Fv2%2Fcomments&post=72582"}],"version-history":[{"count":1,"href":"https:\/\/zonaroja.com.mx\/index.php?rest_route=\/wp\/v2\/posts\/72582\/revisions"}],"predecessor-version":[{"id":72583,"href":"https:\/\/zonaroja.com.mx\/index.php?rest_route=\/wp\/v2\/posts\/72582\/revisions\/72583"}],"wp:featuredmedia":[{"embeddable":true,"href":"https:\/\/zonaroja.com.mx\/index.php?rest_route=\/wp\/v2\/media\/72562"}],"wp:attachment":[{"href":"https:\/\/zonaroja.com.mx\/index.php?rest_route=%2Fwp%2Fv2%2Fmedia&parent=72582"}],"wp:term":[{"taxonomy":"category","embeddable":true,"href":"https:\/\/zonaroja.com.mx\/index.php?rest_route=%2Fwp%2Fv2%2Fcategories&post=72582"},{"taxonomy":"post_tag","embeddable":true,"href":"https:\/\/zonaroja.com.mx\/index.php?rest_route=%2Fwp%2Fv2%2Ftags&post=72582"}],"curies":[{"name":"wp","href":"https:\/\/api.w.org\/{rel}","templated":true}]}}