{"id":72600,"date":"2024-09-19T13:27:00","date_gmt":"2024-09-19T19:27:00","guid":{"rendered":"https:\/\/zonaroja.com.mx\/?p=72600"},"modified":"2024-09-19T08:28:35","modified_gmt":"2024-09-19T14:28:35","slug":"en-sexenio-de-amlo-la-deuda-publica-crecio-a-6-6-billones-de-pesos","status":"publish","type":"post","link":"https:\/\/zonaroja.com.mx\/?p=72600","title":{"rendered":"En sexenio de AMLO la deuda p\u00fablica creci\u00f3 a 6.6 billones de pesos"},"content":{"rendered":"\n<p>Redacci\u00f3n\/Zona Roja Cdmx.<\/p>\n\n\n\n<p>Ciudad de M\u00e9xico, a 19 de septiembre de 2024.- El gobierno de M\u00e9xico destin\u00f3 664,067 millones de pesos al costo financiero de la deuda, entre enero y julio del este a\u00f1o, 4.1 por ciento m\u00e1s que en igual lapso de 2023.&nbsp;<\/p>\n\n\n\n<p>Como proporci\u00f3n del PIB represent\u00f3 2.5 por ciento, cifra que se elev\u00f3 a 3.3 pro ciento en 2023 y un 3.6 por ciento para este a\u00f1o.<\/p>\n\n\n\n<p>El sexenio que est\u00e1 por terminar dejar\u00e1 el aumento de deuda m\u00e1s alto en la historia en n\u00fameros absolutos, con 6.6 billones de pesos, con lo que heredar\u00e1 al gobierno de Claudia Sheinbaum unas finanzas p\u00fablicas en \u2018la cuerda floja\u2019 frente a las calificadoras, advirtieron analistas.<\/p>\n\n\n\n<p>Esto se debe a que la pr\u00f3xima administraci\u00f3n ya no contar\u00e1 con el respaldo de los fondos de estabilizaci\u00f3n para enfrentar una crisis.<\/p>\n\n\n\n<p>Arely Medina, economista de investigaci\u00f3n en Citibanamex, estima que en este a\u00f1o la deuda respecto del tama\u00f1o de la econom\u00eda rebasar\u00e1 \u2018la barrera psicol\u00f3gica\u2019 del 50 por ciento.<\/p>\n\n\n\n<p>\u201cPara 2024, Hacienda tendr\u00e1 una deuda neta que estimamos en 51.2 por ciento del PIB y para 2025, el escenario m\u00e1s factible, la deuda la calculamos en 52.5 por ciento del PIB\u201d, proyect\u00f3.<\/p>\n\n\n\n<p>\u201cConsidero que a partir del umbral de 50 por ciento del Producto Interno Bruto (PIB), las calificadoras y los mercados ser\u00edan sensibles\u201d, advirti\u00f3 la especialista.<\/p>\n\n\n\n<p>Consider\u00f3 que para evitar una degradaci\u00f3n de la nota soberana, el gobierno est\u00e1 obligado a llevar a cabo una reforma fiscal, ante el casi nulo margen de maniobra para recortar el gasto o endeudarse.<\/p>\n\n\n\n<p>John Soldevilla, director de Ecobi, prev\u00e9 incluso que la deuda p\u00fablica se elevar\u00e1 cuando termine este a\u00f1o hasta 52.2 por ciento del PIB (ocho puntos m\u00e1s que en 2018) y con expectativas de llegar hasta casi 55 por ciento en 2026. Este ser\u00eda el mayor nivel desde el 56 por ciento de 1987.<\/p>\n\n\n\n<p>Riesgo latente<\/p>\n\n\n\n<p>Soldevilla prev\u00e9 que al cierre de este sexenio, el saldo total de la deuda p\u00fablica ascender\u00eda a 17.8 billones de pesos, lo que representar\u00eda un incremento nominal en seis a\u00f1os de 59.2 por ciento, el tercero m\u00e1s elevado en los recientes cuatro sexenios.<\/p>\n\n\n\n<p>\u201cJunto con el d\u00e9ficit fiscal de casi 6 por ciento del PIB para este a\u00f1o, la deuda p\u00fablica es uno de los mayores factores de riesgo que enfrentar\u00e1 la econom\u00eda en los primeros a\u00f1os de la nueva administraci\u00f3n\u201d, subray\u00f3.<\/p>\n\n\n\n<p>Medina advirti\u00f3 que el gobierno entrante enfrentar\u00e1 una situaci\u00f3n muy complicada debido a que le ser\u00e1 muy dif\u00edcil disminuir el gasto, y sin una reforma fiscal no le quedar\u00eda m\u00e1s opci\u00f3n que elevar a\u00fan m\u00e1s el endeudamiento.<\/p>\n\n\n\n<p>\u201cPara reducir el gasto en 3 puntos del PIB para 2025 como lo propone Hacienda, consideramos que ser\u00eda m\u00e1s que necesario la implementaci\u00f3n de una reforma fiscal; si bien el gobierno tiene el capital pol\u00edtico para hacerla, no ha dado se\u00f1ales de que la vaya a realizar\u201d, recalc\u00f3.<\/p>\n\n\n\n<p>(Informaci\u00f3n de \u00abEl Financiero\u201d)<\/p>\n","protected":false},"excerpt":{"rendered":"<p>Redacci\u00f3n\/Zona Roja Cdmx. Ciudad de M\u00e9xico, a 19 de septiembre de 2024.- El gobierno de&hellip;<\/p>\n","protected":false},"author":2,"featured_media":70550,"comment_status":"closed","ping_status":"open","sticky":false,"template":"","format":"standard","meta":{"_lmt_disableupdate":"","_lmt_disable":"","_jetpack_memberships_contains_paid_content":false,"footnotes":""},"categories":[109,47],"tags":[143],"class_list":["post-72600","post","type-post","status-publish","format-standard","has-post-thumbnail","hentry","category-minuto-a-minuto","category-zona-gris","tag-andres-manuel-lopez-obrador"],"jetpack_featured_media_url":"https:\/\/zonaroja.com.mx\/wp-content\/uploads\/2024\/07\/Andres-Manuel-Lopez-Obrador.jpeg","jetpack_sharing_enabled":true,"_links":{"self":[{"href":"https:\/\/zonaroja.com.mx\/index.php?rest_route=\/wp\/v2\/posts\/72600","targetHints":{"allow":["GET"]}}],"collection":[{"href":"https:\/\/zonaroja.com.mx\/index.php?rest_route=\/wp\/v2\/posts"}],"about":[{"href":"https:\/\/zonaroja.com.mx\/index.php?rest_route=\/wp\/v2\/types\/post"}],"author":[{"embeddable":true,"href":"https:\/\/zonaroja.com.mx\/index.php?rest_route=\/wp\/v2\/users\/2"}],"replies":[{"embeddable":true,"href":"https:\/\/zonaroja.com.mx\/index.php?rest_route=%2Fwp%2Fv2%2Fcomments&post=72600"}],"version-history":[{"count":1,"href":"https:\/\/zonaroja.com.mx\/index.php?rest_route=\/wp\/v2\/posts\/72600\/revisions"}],"predecessor-version":[{"id":72601,"href":"https:\/\/zonaroja.com.mx\/index.php?rest_route=\/wp\/v2\/posts\/72600\/revisions\/72601"}],"wp:featuredmedia":[{"embeddable":true,"href":"https:\/\/zonaroja.com.mx\/index.php?rest_route=\/wp\/v2\/media\/70550"}],"wp:attachment":[{"href":"https:\/\/zonaroja.com.mx\/index.php?rest_route=%2Fwp%2Fv2%2Fmedia&parent=72600"}],"wp:term":[{"taxonomy":"category","embeddable":true,"href":"https:\/\/zonaroja.com.mx\/index.php?rest_route=%2Fwp%2Fv2%2Fcategories&post=72600"},{"taxonomy":"post_tag","embeddable":true,"href":"https:\/\/zonaroja.com.mx\/index.php?rest_route=%2Fwp%2Fv2%2Ftags&post=72600"}],"curies":[{"name":"wp","href":"https:\/\/api.w.org\/{rel}","templated":true}]}}