{"id":72603,"date":"2024-09-19T21:31:35","date_gmt":"2024-09-20T03:31:35","guid":{"rendered":"https:\/\/zonaroja.com.mx\/?p=72603"},"modified":"2024-09-19T21:31:38","modified_gmt":"2024-09-20T03:31:38","slug":"asesinan-a-chofer-de-vehiculo-de-transporte-el-istmo","status":"publish","type":"post","link":"https:\/\/zonaroja.com.mx\/?p=72603","title":{"rendered":"Asesinan a chofer de veh\u00edculo de transporte el Istmo"},"content":{"rendered":"\n<p>Raymundo Morales\/Zona Roja.<\/p>\n\n\n\n<p>Oaxaca de Ju\u00e1rez, Oax., a 19 de septiembre de 2024.- Un chofer de una unidad del transporte de pasajeros fue asesinado este jueves en Santo Domingo Petapa, municipio de la regi\u00f3n Istmo de Tehuantepec.<\/p>\n\n\n\n<p>El crimen en contra de quien fue identificado como Artemio H. C., de aproximadamente 30 a\u00f1os de edad, ocurri\u00f3 en una calle de la cabecera municipal pero, de acuerdo con informes policiacos, el cuerpo fue retirado de inmediato por parte de sus familiares.&nbsp;<\/p>\n\n\n\n<p>Tras la alerta por los disparos de arma de fuego, polic\u00edas municipales arribaron a la zona, pero no pudieron realizar alguna detenci\u00f3n. Personal de la Vicefiscal\u00eda Regional del Istmo inici\u00f3 las Investigaciones correspondientes y hasta el momento no hay pistas acerca del asesinato.<\/p>\n\n\n\n<p>EN VALLES<\/p>\n\n\n\n<p>Por otra parte, la tarde de hoy en la colindancia de la ciudad de Oaxaca con Santa Luc\u00eda del Camino, sujetos desconocidos, presuntamente de un sindicato de transportistas, realiz\u00f3 detonaciones de arma de fuego y quem\u00f3 una motoneta.<\/p>\n\n\n\n<p>Ocurri\u00f3 en la calle prolongaci\u00f3n de Ray\u00f3n, hasta donde llegaron polic\u00edas municipales y estatales, pero s\u00f3lo para resguardar la escena de los hechos, pues no hubo personas detenidas.<\/p>\n\n\n\n<p>Personal de la Fiscal\u00eda General del Estado de Oaxaca realiz\u00f3 los actos ministeriales correspondientes, con la finalidad de esclarecer los hechos.<\/p>\n","protected":false},"excerpt":{"rendered":"<p>Raymundo Morales\/Zona Roja. Oaxaca de Ju\u00e1rez, Oax., a 19 de septiembre de 2024.- Un chofer&hellip;<\/p>\n","protected":false},"author":2,"featured_media":66366,"comment_status":"closed","ping_status":"open","sticky":false,"template":"","format":"standard","meta":{"_lmt_disableupdate":"","_lmt_disable":"","_jetpack_memberships_contains_paid_content":false,"footnotes":""},"categories":[109,51],"tags":[1745],"class_list":["post-72603","post","type-post","status-publish","format-standard","has-post-thumbnail","hentry","category-minuto-a-minuto","category-zona-roja","tag-santo-domingo-petapa"],"jetpack_featured_media_url":"https:\/\/zonaroja.com.mx\/wp-content\/uploads\/2024\/03\/Santo-Domingo-Petapa.jpg","jetpack_sharing_enabled":true,"_links":{"self":[{"href":"https:\/\/zonaroja.com.mx\/index.php?rest_route=\/wp\/v2\/posts\/72603","targetHints":{"allow":["GET"]}}],"collection":[{"href":"https:\/\/zonaroja.com.mx\/index.php?rest_route=\/wp\/v2\/posts"}],"about":[{"href":"https:\/\/zonaroja.com.mx\/index.php?rest_route=\/wp\/v2\/types\/post"}],"author":[{"embeddable":true,"href":"https:\/\/zonaroja.com.mx\/index.php?rest_route=\/wp\/v2\/users\/2"}],"replies":[{"embeddable":true,"href":"https:\/\/zonaroja.com.mx\/index.php?rest_route=%2Fwp%2Fv2%2Fcomments&post=72603"}],"version-history":[{"count":1,"href":"https:\/\/zonaroja.com.mx\/index.php?rest_route=\/wp\/v2\/posts\/72603\/revisions"}],"predecessor-version":[{"id":72604,"href":"https:\/\/zonaroja.com.mx\/index.php?rest_route=\/wp\/v2\/posts\/72603\/revisions\/72604"}],"wp:featuredmedia":[{"embeddable":true,"href":"https:\/\/zonaroja.com.mx\/index.php?rest_route=\/wp\/v2\/media\/66366"}],"wp:attachment":[{"href":"https:\/\/zonaroja.com.mx\/index.php?rest_route=%2Fwp%2Fv2%2Fmedia&parent=72603"}],"wp:term":[{"taxonomy":"category","embeddable":true,"href":"https:\/\/zonaroja.com.mx\/index.php?rest_route=%2Fwp%2Fv2%2Fcategories&post=72603"},{"taxonomy":"post_tag","embeddable":true,"href":"https:\/\/zonaroja.com.mx\/index.php?rest_route=%2Fwp%2Fv2%2Ftags&post=72603"}],"curies":[{"name":"wp","href":"https:\/\/api.w.org\/{rel}","templated":true}]}}