{"id":72611,"date":"2024-09-20T08:15:00","date_gmt":"2024-09-20T14:15:00","guid":{"rendered":"https:\/\/zonaroja.com.mx\/?p=72611"},"modified":"2024-09-20T07:48:19","modified_gmt":"2024-09-20T13:48:19","slug":"destinan-mas-de-mil-millones-de-pesos-a-polo-de-desarrollo-en-salina-cruz","status":"publish","type":"post","link":"https:\/\/zonaroja.com.mx\/?p=72611","title":{"rendered":"Destinan m\u00e1s de mil millones de pesos a polo de desarrollo en Salina Cruz"},"content":{"rendered":"\n<p>Redacci\u00f3n\/Zona Roja.<\/p>\n\n\n\n<p>Oaxaca de Ju\u00e1rez, Oax.,a 20 de septiembre de 2024.- El gobierno de M\u00e9xico ha destinado en el sexenio del Presidente Andr\u00e9s Manuel L\u00f3pez Obrador mil 33 millones de pesos al proyecto del Polo de Desarrollo para el Bienestar de Salina Cruz.<\/p>\n\n\n\n<p>Las acciones fueron constatadas ayer en dicha ciudad y puerto por el mandatario Salom\u00f3n Jara Cruz, en que se destac\u00f3 que con ducha acci\u00f3n, se posiciona al Polo de Desarrollo de Salina Cruz como el primero de lado del Pac\u00edfico dentro del Corredor Interoce\u00e1nico del Istmo de Tehuantepec (CIIT), proyecto insignia del Gobierno de M\u00e9xico.<\/p>\n\n\n\n<p>El mandatario oaxaque\u00f1o dijo que se trata de un proyecto que cuenta con nuevos nichos de oportunidad para el comercio internacional, destacando el puerto de Salina Cruz, el cual va a la vanguardia como el primer Polo de Desarrollo para el Bienestar por sus avances en su infraestructura y operatividad.&nbsp;<\/p>\n\n\n\n<p>Detall\u00f3 que proyectos complementarios como las s\u00faper carreteras Barranca Larga-Ventanilla y Mitla Tehuantepec son nuevas puertas de inversi\u00f3n regional, as\u00ed como la atracci\u00f3n de inversiones en agroindustria, electricidad, fabricaci\u00f3n de maquinaria y equipos entre otros, todo ello en un pol\u00edgono de un \u00e1rea industrial de 82 hect\u00e1reas. &nbsp;&nbsp;<\/p>\n\n\n\n<p>Jara Cruz mencion\u00f3 que ha sido una inversi\u00f3n hist\u00f3rica de mil 33 millones de pesos en estas obras, con lo que inicia una nueva era de desarrollo industrial, \u201cel CIIT representa una oportunidad hist\u00f3rica que marca un antes y un despu\u00e9s en Oaxaca y el Sur Sureste\u201d.&nbsp;<\/p>\n\n\n\n<p>Destac\u00f3 tambi\u00e9n que su gobierno trabaja para que existan todas las condiciones de paz y gobernabilidad, para que las inversiones se queden en Oaxaca.&nbsp;<\/p>\n\n\n\n<p>Por su parte, el director de Puertos y Polos de Desarrollo del Consorcio de la Desarrolladora Multimodal del Istmo de Tehuantepec, Adolfo Rogel Villalba, inform\u00f3 que el Polo est\u00e1 ubicado estrat\u00e9gicamente con acceso a importantes v\u00edas de comunicaci\u00f3n y a solo dos kil\u00f3metros de la l\u00ednea Z del FIT (Ferrocarril del Istmo de Tehuantepec), por lo que se erige como un punto crucial en este proyecto.&nbsp;<\/p>\n\n\n\n<p>El proyecto est\u00e1 situado a 11 kil\u00f3metros del Puerto de Salina Cruz, y por su localizaci\u00f3n privilegiada tiene un inmenso potencial para transformar la log\u00edstica de la regi\u00f3n, aumentando significativamente los vol\u00famenes de carga y optimizando las cadenas productivas mediante una log\u00edstica avanzada e integrada a producciones multimodales.<\/p>\n\n\n\n<p>RECONSTRUCCI\u00d3N&nbsp;<\/p>\n\n\n\n<p>Previo a ello, el titular del Poder Ejecutivo estatal estuvo en Juchit\u00e1n de Zaragoza, donde presidi\u00f3 la conmemoraci\u00f3n a las v\u00edctimas de los sismos del 7 y 19 de septiembre de 2017.<\/p>\n\n\n\n<p>Ah\u00ed, Jara Cruz agradeci\u00f3 el apoyo invaluable que brind\u00f3 el Presidente Andr\u00e9s Manuel L\u00f3pez Obrador para la reconstrucci\u00f3n del Istmo de Tehuantepec con una inversi\u00f3n hist\u00f3rica de mil 980 millones de pesos.&nbsp;<\/p>\n\n\n\n<p>A unos metros del palacio municipal que se destruy\u00f3 con la cat\u00e1strofe del 7 de septiembre, el mandatario estatal reconoci\u00f3 que, a siete a\u00f1os de la tragedia, Oaxaca y el Istmo renacieron gracias al apoyo y acompa\u00f1amiento de Andr\u00e9s Manuel L\u00f3pez Obrador.<\/p>\n\n\n\n<p>\u201cA lo largo de su gobierno, se dio seguimiento puntual a la reconstrucci\u00f3n de nuestro estado con una inversi\u00f3n hist\u00f3rica de mil 980 millones de pesos en beneficio de 914 inmuebles\u201d, reconoci\u00f3.<\/p>\n\n\n\n<p>Y es que desde la llegada de la Primavera Oaxaque\u00f1a en coordinaci\u00f3n con el Instituto Nacional de Antropolog\u00eda e Historia (INAH) y la Comisi\u00f3n Nacional de Vivienda (Conavi) se invirtieron m\u00e1s de 941 millones de pesos en 301 obras. \u201cGracias a usted nunca estuvimos solos. Por ello, hoy expresamos nuestra gratitud, con la humildad y grandeza de coraz\u00f3n del pueblo oaxaque\u00f1o\u201d.<\/p>\n\n\n\n<p>El Programa Nacional de Reconstrucci\u00f3n en Oaxaca benefici\u00f3 a m\u00e1s de 19 mil 900 viviendas en 75 municipios, mil 279 escuelas en 188 municipios, 34 instalaciones hospitalarias en 17 municipios y 914 inmuebles hist\u00f3ricos en 316 municipios.<\/p>\n","protected":false},"excerpt":{"rendered":"<p>Redacci\u00f3n\/Zona Roja. Oaxaca de Ju\u00e1rez, Oax.,a 20 de septiembre de 2024.- El gobierno de M\u00e9xico&hellip;<\/p>\n","protected":false},"author":2,"featured_media":72612,"comment_status":"closed","ping_status":"open","sticky":false,"template":"","format":"standard","meta":{"_lmt_disableupdate":"","_lmt_disable":"","_jetpack_memberships_contains_paid_content":false,"footnotes":""},"categories":[109,46],"tags":[939],"class_list":["post-72611","post","type-post","status-publish","format-standard","has-post-thumbnail","hentry","category-minuto-a-minuto","category-zona-blanca","tag-salomon-jara-cruz"],"jetpack_featured_media_url":"https:\/\/zonaroja.com.mx\/wp-content\/uploads\/2024\/09\/Salomon-Jara-polo-de-desarrollo-Salina-Cruz.jpeg","jetpack_sharing_enabled":true,"_links":{"self":[{"href":"https:\/\/zonaroja.com.mx\/index.php?rest_route=\/wp\/v2\/posts\/72611","targetHints":{"allow":["GET"]}}],"collection":[{"href":"https:\/\/zonaroja.com.mx\/index.php?rest_route=\/wp\/v2\/posts"}],"about":[{"href":"https:\/\/zonaroja.com.mx\/index.php?rest_route=\/wp\/v2\/types\/post"}],"author":[{"embeddable":true,"href":"https:\/\/zonaroja.com.mx\/index.php?rest_route=\/wp\/v2\/users\/2"}],"replies":[{"embeddable":true,"href":"https:\/\/zonaroja.com.mx\/index.php?rest_route=%2Fwp%2Fv2%2Fcomments&post=72611"}],"version-history":[{"count":1,"href":"https:\/\/zonaroja.com.mx\/index.php?rest_route=\/wp\/v2\/posts\/72611\/revisions"}],"predecessor-version":[{"id":72613,"href":"https:\/\/zonaroja.com.mx\/index.php?rest_route=\/wp\/v2\/posts\/72611\/revisions\/72613"}],"wp:featuredmedia":[{"embeddable":true,"href":"https:\/\/zonaroja.com.mx\/index.php?rest_route=\/wp\/v2\/media\/72612"}],"wp:attachment":[{"href":"https:\/\/zonaroja.com.mx\/index.php?rest_route=%2Fwp%2Fv2%2Fmedia&parent=72611"}],"wp:term":[{"taxonomy":"category","embeddable":true,"href":"https:\/\/zonaroja.com.mx\/index.php?rest_route=%2Fwp%2Fv2%2Fcategories&post=72611"},{"taxonomy":"post_tag","embeddable":true,"href":"https:\/\/zonaroja.com.mx\/index.php?rest_route=%2Fwp%2Fv2%2Ftags&post=72611"}],"curies":[{"name":"wp","href":"https:\/\/api.w.org\/{rel}","templated":true}]}}