{"id":72623,"date":"2024-09-20T11:30:00","date_gmt":"2024-09-20T17:30:00","guid":{"rendered":"https:\/\/zonaroja.com.mx\/?p=72623"},"modified":"2024-09-20T09:38:37","modified_gmt":"2024-09-20T15:38:37","slug":"con-guardia-nacional-en-sedena-militares-fuera-de-control-ongs","status":"publish","type":"post","link":"https:\/\/zonaroja.com.mx\/?p=72623","title":{"rendered":"Con Guardia Nacional en Sedena, \u201cmilitares fuera de control\u201d: ONG\u2019s"},"content":{"rendered":"\n<p>Redacci\u00f3n\/Zona Roja Cdmx.<\/p>\n\n\n\n<p>Ciudad de M\u00e9xico, a 20 de septiembre de 2024.- Con la reforma a la Guardia Nacional (GN) se dejar\u00e1 a los militares \u201ctotalmente fuera de control\u201d del Ejecutivo y del Legislativo, advirtieron organizaciones civiles y de estudiantes.<\/p>\n\n\n\n<p>Alertaron que \u201cse elimina la obligaci\u00f3n del Ejecutivo de rendir informes semestrales al Congreso sobre el uso del Ej\u00e9rcito en tareas de seguridad p\u00fablica y la evaluaci\u00f3n legislativa sobre esos resultados, junto con las 32 entidades, para planificar el regreso de los militares a los cuarteles\u201d.<\/p>\n\n\n\n<p>Al acudir a la sede de la C\u00e1mara de Diputados, Marisol M\u00e9ndez, de Fundaci\u00f3n para la Justicia, record\u00f3 que la GN est\u00e1 entre las autoridades que m\u00e1s violan derechos humanos, pues existen mil 772 expedientes abiertos por ese tipo de casos ante la Comisi\u00f3n Nacional de los Derechos Humanos (CNDH).<\/p>\n\n\n\n<p>Raymundo Ramos, del Comit\u00e9 de Derechos Humanos de Nuevo Laredo, denunci\u00f3 tres fallecimientos atribuidos a la GN y un atentado, en contra de Hugo Ch\u00e1vez Avenda\u00f1o, muerto en supuesto fuego cruzado; Mariana Flores, de 15 a\u00f1os; Felipe Garc\u00eda, agredido directamente por la GN y Mar\u00eda P\u00e9rez, cuyo veh\u00edculo fue perseguido y baleado por la Guardia.<\/p>\n\n\n\n<p>Acompa\u00f1ados por diputados de Movimiento Ciudadano, Data C\u00edvica, a trav\u00e9s de M\u00f3nica Meltis B\u00e9jar, directora ejecutiva, denunci\u00f3 que con la reforma se suprimen mecanismos de evaluaci\u00f3n del Poder Legislativo sobre la GN.<\/p>\n\n\n\n<p>\u201cHoy la Constituci\u00f3n obliga al Ejecutivo a rendirle cuentas al Congreso cada seis meses sobre su uso del Ej\u00e9rcito, Fuerza A\u00e9rea y Armada en tareas de seguridad p\u00fablica. Una comisi\u00f3n bicameral debe revisar este informe y la propuesta de reforma no contempla ning\u00fan mecanismo de seguimiento al parlamento\u201d, abund\u00f3.<\/p>\n\n\n\n<p>Jonathan de Vicente, de M\u00e9xico Unido contra la Delincuencia, explic\u00f3 que con esta reforma se quita un \u201ccandado democr\u00e1tico\u201d que impide a quien ostente la Presidencia mandar la fuerza militar a todo lo que quiera.<\/p>\n\n\n\n<p>Por su parte, el colectivo Seguridad sin Guerra, de la mano con las organizaciones La Justicia que Queremos y Amnist\u00eda Internacional (AI), se sumaron a los reclamos, y recordaron que el presidente L\u00f3pez Obrador dec\u00eda en 2010 que el Ej\u00e9rcito no es la soluci\u00f3n para la violencia.<\/p>\n\n\n\n<p>\u201cEn sus \u00faltimos d\u00edas como Presidente, busca empoderar a\u00fan m\u00e1s a las Fuerzas Armadas en el pa\u00eds, otorg\u00e1ndoles facultades constitucionales inimaginables\u201d, aseguraron las entidades.<\/p>\n\n\n\n<p>Agregaron que las nuevas tareas, entre las que se incluyen la seguridad nacional, seguridad p\u00fablica, vigilancia y control fronterizo, entre otras, las llevar\u00edan a cabo \u201ccubiertos de un manto de secrec\u00eda y opacidad bajo un fuero militar\u201d.<\/p>\n\n\n\n<p>Adem\u00e1s, resaltaron los grandes riesgos que representar\u00eda esto para la democracia y los derechos humanos en M\u00e9xico.<\/p>\n\n\n\n<p>Por su parte, la organizaci\u00f3n Signos Vitales insisti\u00f3 en su reclamo por este intento de darle m\u00e1s poder al Ej\u00e9rcito. A trav\u00e9s de sus redes sociales, la entidad record\u00f3 que desde octubre de 2020 alert\u00f3 sobre los riesgos que implica militarizar este cuerpo de seguridad.<\/p>\n\n\n\n<p>(Informaci\u00f3n de \u201cEl Financiero\u201d)<\/p>\n","protected":false},"excerpt":{"rendered":"<p>Redacci\u00f3n\/Zona Roja Cdmx. Ciudad de M\u00e9xico, a 20 de septiembre de 2024.- Con la reforma&hellip;<\/p>\n","protected":false},"author":2,"featured_media":72624,"comment_status":"closed","ping_status":"open","sticky":false,"template":"","format":"standard","meta":{"_lmt_disableupdate":"","_lmt_disable":"","_jetpack_memberships_contains_paid_content":false,"footnotes":""},"categories":[109,47],"tags":[278],"class_list":["post-72623","post","type-post","status-publish","format-standard","has-post-thumbnail","hentry","category-minuto-a-minuto","category-zona-gris","tag-guardia-nacional"],"jetpack_featured_media_url":"https:\/\/zonaroja.com.mx\/wp-content\/uploads\/2024\/09\/Guardia-nacional.jpg.avif","jetpack_sharing_enabled":true,"_links":{"self":[{"href":"https:\/\/zonaroja.com.mx\/index.php?rest_route=\/wp\/v2\/posts\/72623","targetHints":{"allow":["GET"]}}],"collection":[{"href":"https:\/\/zonaroja.com.mx\/index.php?rest_route=\/wp\/v2\/posts"}],"about":[{"href":"https:\/\/zonaroja.com.mx\/index.php?rest_route=\/wp\/v2\/types\/post"}],"author":[{"embeddable":true,"href":"https:\/\/zonaroja.com.mx\/index.php?rest_route=\/wp\/v2\/users\/2"}],"replies":[{"embeddable":true,"href":"https:\/\/zonaroja.com.mx\/index.php?rest_route=%2Fwp%2Fv2%2Fcomments&post=72623"}],"version-history":[{"count":1,"href":"https:\/\/zonaroja.com.mx\/index.php?rest_route=\/wp\/v2\/posts\/72623\/revisions"}],"predecessor-version":[{"id":72625,"href":"https:\/\/zonaroja.com.mx\/index.php?rest_route=\/wp\/v2\/posts\/72623\/revisions\/72625"}],"wp:featuredmedia":[{"embeddable":true,"href":"https:\/\/zonaroja.com.mx\/index.php?rest_route=\/wp\/v2\/media\/72624"}],"wp:attachment":[{"href":"https:\/\/zonaroja.com.mx\/index.php?rest_route=%2Fwp%2Fv2%2Fmedia&parent=72623"}],"wp:term":[{"taxonomy":"category","embeddable":true,"href":"https:\/\/zonaroja.com.mx\/index.php?rest_route=%2Fwp%2Fv2%2Fcategories&post=72623"},{"taxonomy":"post_tag","embeddable":true,"href":"https:\/\/zonaroja.com.mx\/index.php?rest_route=%2Fwp%2Fv2%2Ftags&post=72623"}],"curies":[{"name":"wp","href":"https:\/\/api.w.org\/{rel}","templated":true}]}}