{"id":72628,"date":"2024-09-20T17:50:40","date_gmt":"2024-09-20T23:50:40","guid":{"rendered":"https:\/\/zonaroja.com.mx\/?p=72628"},"modified":"2024-09-20T17:50:42","modified_gmt":"2024-09-20T23:50:42","slug":"suman-22-ninos-sicarios-detenidos-en-sonora-reconocen-autoridades","status":"publish","type":"post","link":"https:\/\/zonaroja.com.mx\/?p=72628","title":{"rendered":"Suman 22 ni\u00f1os sicarios detenidos en Sonora, reconocen autoridades"},"content":{"rendered":"\n<p>Redacci\u00f3n\/Zona Roja Cdmx.<\/p>\n\n\n\n<p>Ciudad de M\u00e9xico, a 20 de septiembre de 2024.- En lo que va del a\u00f1o se han detenido en Sonora a un total de 22 menores de 18 a\u00f1os que se encontraban realizando actividades relacionadas con el crimen organizado, desde ni\u00f1os sicarios hasta por portaci\u00f3n de armas de fuego de alto calibre y homicidio doloso, asegur\u00f3 Francisco Sergio M\u00e9ndez.&nbsp;<\/p>\n\n\n\n<p>El delegado de la Fiscal\u00eda General de la Rep\u00fablica (FGR) en Sonora explic\u00f3 que han sido detenciones a lo largo y ancho del estado, no es exclusivo de una sola regi\u00f3n, pero sin duda hay mayor presencia en el noroeste de la entidad.&nbsp;<\/p>\n\n\n\n<p>Asegur\u00f3 que en este tipo de casos debe haber responsabilidad de los padres de familia que descuidan a sus hijos, pero tambi\u00e9n de los mismos adultos que les permiten y acompa\u00f1an a realizar este tipo de actividades il\u00edcitas.&nbsp;<\/p>\n\n\n\n<p>\u201cSon menores de edad que ah\u00ed andan junto con las personas adultas mayores componentes de grupos criminales, ah\u00ed se tendr\u00eda que ver, aparte de alguna probable responsabilidad de los padres porque no atienden a los hijos conforme a sus obligaciones, tambi\u00e9n una responsabilidad mayor o sanciones mayores a aquellos adultos mayores que andan en ese \u00e1mbito junto con los menores\u201d.&nbsp;<\/p>\n\n\n\n<p>UN DETENIDO<\/p>\n\n\n\n<p>Lo anterior lo coment\u00f3, luego que la propia FRG inform\u00f3 que se detuvo a un menor de edad en Sonoyta, Sonora, que cuidaba un arsenal de alto poder que incluye 10 armas de fuego tipo fusil de uso militar, 63 cargadores para arma de fuego, cinco mil 170 cartuchos \u00fatiles, tres veh\u00edculos, una cuatrimoto y ocho chalecos t\u00e1cticos.&nbsp;<\/p>\n\n\n\n<p>Esta detenci\u00f3n se llev\u00f3 a cabo en las inmediaciones del Rancho \u201cEl Culichi\u201d, en este municipio fronterizo de Sonora, donde participaron elementos de la Secretar\u00eda de la Defensa Nacional (SEDENA) en coordinaci\u00f3n con elementos de la Agencia Ministerial de Investigaci\u00f3n Criminal (AMIC).&nbsp;<\/p>\n\n\n\n<p>Anteriormente en la comunidad de Saric, Sonora, tambi\u00e9n ubicada al noroeste del estado cerca de la frontera con Estados Unidos, se detuvieron a tres menores que participaron en agresiones armadas contra elementos de seguridad.&nbsp;<\/p>\n\n\n\n<p>Francisco Sergio M\u00e9ndez aclar\u00f3 que la mayor\u00eda de los menores detenidos este a\u00f1o son originarios de Sonora y sus edades oscilan entre los 13 y 17 a\u00f1os, a quienes, dijo, reclutan bajo la promesa de beneficios econ\u00f3micos.&nbsp;<\/p>\n\n\n\n<p>(Informaci\u00f3n de \u201cEl Heraldo de M\u00e9xico)<\/p>\n","protected":false},"excerpt":{"rendered":"<p>Redacci\u00f3n\/Zona Roja Cdmx. Ciudad de M\u00e9xico, a 20 de septiembre de 2024.- En lo que&hellip;<\/p>\n","protected":false},"author":2,"featured_media":71570,"comment_status":"closed","ping_status":"open","sticky":false,"template":"","format":"standard","meta":{"_lmt_disableupdate":"","_lmt_disable":"","_jetpack_memberships_contains_paid_content":false,"footnotes":""},"categories":[109,47],"tags":[986],"class_list":["post-72628","post","type-post","status-publish","format-standard","has-post-thumbnail","hentry","category-minuto-a-minuto","category-zona-gris","tag-sonora"],"jetpack_featured_media_url":"https:\/\/zonaroja.com.mx\/wp-content\/uploads\/2024\/08\/Nino-sicario.jpeg","jetpack_sharing_enabled":true,"_links":{"self":[{"href":"https:\/\/zonaroja.com.mx\/index.php?rest_route=\/wp\/v2\/posts\/72628","targetHints":{"allow":["GET"]}}],"collection":[{"href":"https:\/\/zonaroja.com.mx\/index.php?rest_route=\/wp\/v2\/posts"}],"about":[{"href":"https:\/\/zonaroja.com.mx\/index.php?rest_route=\/wp\/v2\/types\/post"}],"author":[{"embeddable":true,"href":"https:\/\/zonaroja.com.mx\/index.php?rest_route=\/wp\/v2\/users\/2"}],"replies":[{"embeddable":true,"href":"https:\/\/zonaroja.com.mx\/index.php?rest_route=%2Fwp%2Fv2%2Fcomments&post=72628"}],"version-history":[{"count":1,"href":"https:\/\/zonaroja.com.mx\/index.php?rest_route=\/wp\/v2\/posts\/72628\/revisions"}],"predecessor-version":[{"id":72629,"href":"https:\/\/zonaroja.com.mx\/index.php?rest_route=\/wp\/v2\/posts\/72628\/revisions\/72629"}],"wp:featuredmedia":[{"embeddable":true,"href":"https:\/\/zonaroja.com.mx\/index.php?rest_route=\/wp\/v2\/media\/71570"}],"wp:attachment":[{"href":"https:\/\/zonaroja.com.mx\/index.php?rest_route=%2Fwp%2Fv2%2Fmedia&parent=72628"}],"wp:term":[{"taxonomy":"category","embeddable":true,"href":"https:\/\/zonaroja.com.mx\/index.php?rest_route=%2Fwp%2Fv2%2Fcategories&post=72628"},{"taxonomy":"post_tag","embeddable":true,"href":"https:\/\/zonaroja.com.mx\/index.php?rest_route=%2Fwp%2Fv2%2Ftags&post=72628"}],"curies":[{"name":"wp","href":"https:\/\/api.w.org\/{rel}","templated":true}]}}