{"id":7263,"date":"2020-01-03T17:41:43","date_gmt":"2020-01-03T23:41:43","guid":{"rendered":"http:\/\/www.zonaroja.com.mx\/?p=7263"},"modified":"2020-01-03T19:12:38","modified_gmt":"2020-01-04T01:12:38","slug":"exige-san-baltazar-loxicha-reconocimiento-a-sus-autoridades-denuncia-intromision-de-priistas","status":"publish","type":"post","link":"https:\/\/zonaroja.com.mx\/?p=7263","title":{"rendered":"Exige San Baltazar Loxicha reconocimiento a sus autoridades; denuncia intromisi\u00f3n de priistas"},"content":{"rendered":"\n<p>Evlin Arag\u00f3n\/Zona Roja.<\/p>\n\n\n\n<p>Oaxaca de Ju\u00e1rez, Oax., 3 de enero de\n2020.- Decenas de habitantes de San Baltazar Loxicha se manifestaron este\nviernes a las afueras de las instalaciones del Tribunal Estatal Electoral de\nOaxaca (TEEO) para exigir el reconocimiento de sus autoridades electas el\npasado 6 de octubre, encabezadas por Gerardo Alvarado Garc\u00eda.<\/p>\n\n\n\n<p>Con pancartas en mano acusaron de\ncorruptos a los consejeros del Instituto Estatal Electoral y de Participaci\u00f3n\nCiudadana (IEEPCO), as\u00ed como exigieron que Abraham L\u00f3pez, militante del PRI y\nconocido por generar violencia en la Sierra Sur, saque las manos del municipio,\nmientras que al gobierno de Oaxaca le pidieron que intervenga para hacer valer\nla voz del pueblo.<\/p>\n\n\n\n<p>William D\u00edaz Garc\u00eda, abogado y\nrepresentante de las autoridades electas, indic\u00f3 que lo \u00fanico que buscan es\nhacer valer su libre determinaci\u00f3n como pueblos originarios regidos por los\nsistemas normativos internos, situaci\u00f3n que no se consolido debido a la falta\nde reconocimiento por parte del IEEPCO.<\/p>\n\n\n\n<p>En este sentido, lament\u00f3 que el pasado 1\nde enero no pudieran hacer el cambio de autoridades, debido a que Abraham L\u00f3pez\naliado con IEEPCO y sus intereses priistas, buscan imponer a Aten\u00f3genes\nJim\u00e9nez, violentando sus usos y costumbres que establecen que para ser edil\nmunicipal deben haber cumplido con cargos y servicios previos en el pueblo.<\/p>\n\n\n\n<p>\u201cEl IEEPCO \u00fanicamente valora la asamblea\ndel 11 de agosto, la cual ya fue invalidada el 8 de septiembre por la propia asamblea\nde la comunidad, raz\u00f3n por la que buscamos que el Tribunal Electoral se pueda\npronunciar para avalar la asamblea del 6 de octubre la cual fue validada por el\npueblo\u201d, dijo.<\/p>\n\n\n\n<p>Por su parte, el presidente municipal\nelecto, Gerardo Alvarado Garc\u00eda, asegur\u00f3 que defender\u00e1 su triunfo debido a que\nse trata de un mandato del pueblo, el cu\u00e1l en muchas ocasiones ha acatado,\ndesde el momento en que fue topil y sigui\u00f3 sirviendo a la comunidad como lo\nestablecen los usos y costumbres.<\/p>\n\n\n\n<p>\u201cHoy estoy viendo que hay personas que\nse quieren meter y echar abajo nuestros usos y costumbres, yo soy de una\nfamilia de lengua materna y no estoy de acuerdo que no se tome en cuenta lo que\npide el pueblo\u201d, indic\u00f3.<\/p>\n\n\n\n<p>Detall\u00f3 que su triunfo lo obtuvo con\n249 votos en la asamblea del 6 de octubre, mientas que su contrincante se qued\u00f3\ncon 193, por lo que pidi\u00f3 a las autoridades electorales una explicaci\u00f3n del\nporqu\u00e9 no reconocen el triunfo de una persona humilde para encabezar el\nCabildo.<\/p>\n\n\n\n<p>\u201c\u00a1No m\u00e1s moches al IEEPCO!, \u00a1hombro con\nhombro, Zapata somos todos! y \u00a1el pueblo unido jam\u00e1s ser\u00e1 vencido!\u201d fueron\nparte de las consignas que se escucharon a las afueras del TEEO como parte de\nla protesta en la que exigieron al IEEPCO reconocer los acuerdos generados con\nla comunidad, misma que fue respaldada por la dirigencia de la Secci\u00f3n 22\nadherida a la Coordinadora Nacional de Trabajadores de la Educaci\u00f3n (CNTE).<\/p>\n\n\n\n<p>En el documento difundido por la\npoblaci\u00f3n de San Baltazar Loxicha, dieron a conocer que fue el 11 de agosto que\nla poblaci\u00f3n llev\u00f3 a cabo su primera asamblea de elecci\u00f3n de autoridades, la\ncual fue invalidada por el IEEPCO al no cumplir con la cuota de g\u00e9nero, por lo\nque repitieron la convocatoria para los nuevos comicios el 6 de octubre donde\nresult\u00f3 electo Gerardo Alvarado Garc\u00eda.<\/p>\n\n\n\n<p>As\u00ed mismo refieren que el Estado\npretende generar inestabilidad pol\u00edtica en su comunidad, por lo cual hicieron\nresponsable al gobernador Alejandro Murat Hinojosa, de la violencia que se\npueda generar en la comunidad, ya que el grupo que ha generado el conflicto en\nlocalidad pertenece al PRI, partido del cual eman\u00f3 el mandatario.<\/p>\n","protected":false},"excerpt":{"rendered":"<p>Evlin Arag\u00f3n\/Zona Roja. Oaxaca de Ju\u00e1rez, Oax., 3 de enero de 2020.- Decenas de habitantes&hellip;<\/p>\n","protected":false},"author":2,"featured_media":7269,"comment_status":"closed","ping_status":"open","sticky":false,"template":"","format":"standard","meta":{"_lmt_disableupdate":"","_lmt_disable":"","_jetpack_memberships_contains_paid_content":false,"footnotes":""},"categories":[109,47],"tags":[1227],"class_list":["post-7263","post","type-post","status-publish","format-standard","has-post-thumbnail","hentry","category-minuto-a-minuto","category-zona-gris","tag-san-baltazar-loxicha"],"jetpack_featured_media_url":"https:\/\/zonaroja.com.mx\/wp-content\/uploads\/2020\/01\/San-Baltazar-Loxicha-1.jpg","jetpack_sharing_enabled":true,"_links":{"self":[{"href":"https:\/\/zonaroja.com.mx\/index.php?rest_route=\/wp\/v2\/posts\/7263","targetHints":{"allow":["GET"]}}],"collection":[{"href":"https:\/\/zonaroja.com.mx\/index.php?rest_route=\/wp\/v2\/posts"}],"about":[{"href":"https:\/\/zonaroja.com.mx\/index.php?rest_route=\/wp\/v2\/types\/post"}],"author":[{"embeddable":true,"href":"https:\/\/zonaroja.com.mx\/index.php?rest_route=\/wp\/v2\/users\/2"}],"replies":[{"embeddable":true,"href":"https:\/\/zonaroja.com.mx\/index.php?rest_route=%2Fwp%2Fv2%2Fcomments&post=7263"}],"version-history":[{"count":1,"href":"https:\/\/zonaroja.com.mx\/index.php?rest_route=\/wp\/v2\/posts\/7263\/revisions"}],"predecessor-version":[{"id":7265,"href":"https:\/\/zonaroja.com.mx\/index.php?rest_route=\/wp\/v2\/posts\/7263\/revisions\/7265"}],"wp:featuredmedia":[{"embeddable":true,"href":"https:\/\/zonaroja.com.mx\/index.php?rest_route=\/wp\/v2\/media\/7269"}],"wp:attachment":[{"href":"https:\/\/zonaroja.com.mx\/index.php?rest_route=%2Fwp%2Fv2%2Fmedia&parent=7263"}],"wp:term":[{"taxonomy":"category","embeddable":true,"href":"https:\/\/zonaroja.com.mx\/index.php?rest_route=%2Fwp%2Fv2%2Fcategories&post=7263"},{"taxonomy":"post_tag","embeddable":true,"href":"https:\/\/zonaroja.com.mx\/index.php?rest_route=%2Fwp%2Fv2%2Ftags&post=7263"}],"curies":[{"name":"wp","href":"https:\/\/api.w.org\/{rel}","templated":true}]}}